{"id":1238237,"date":"2026-08-15T12:25:18","date_gmt":"2026-08-15T12:25:18","guid":{"rendered":"https:\/\/www.europesays.com\/de\/1238237\/"},"modified":"2026-08-15T12:25:18","modified_gmt":"2026-08-15T12:25:18","slug":"kabul-taliban-feiern-fuenften-jahrestag-ihrer-machtuebernahme-in-afghanistan","status":"publish","type":"post","link":"https:\/\/www.europesays.com\/de\/1238237\/","title":{"rendered":"Kabul: Taliban feiern f\u00fcnften Jahrestag ihrer Macht\u00fcbernahme in Afghanistan"},"content":{"rendered":"<p class=\"paragraph article__item\">Die islamistischen <a class=\"rtr-entity\" href=\"https:\/\/www.zeit.de\/thema\/afghanistan\" rel=\"nofollow noopener\" target=\"_blank\">Taliban<\/a> haben in <a href=\"https:\/\/www.zeit.de\/thema\/afghanistan\" target=\"_blank\" rel=\"nofollow noopener\">Afghanistan<\/a> den f\u00fcnften Jahrestag ihrer Macht\u00fcbernahme gefeiert. In der afghanischen Hauptstadt Kabul wurde der Tag mit Fahnen, Festreden und einem Korso mit Milit\u00e4rfahrzeugen begangen.\n<\/p>\n<p class=\"paragraph article__item\">Die islamistische Terrorgruppe hatte <a class=\"rtr-entity\" href=\"https:\/\/www.zeit.de\/thema\/afghanistan\" rel=\"nofollow noopener\" target=\"_blank\">Kabul<\/a> am 15. August 2021 nach der Ank\u00fcndigung des Abzugs der Nato- und US-Truppen praktisch ohne Gegenwehr eingenommen. Am Flughafen der Hauptstadt kam es anschlie\u00dfend zu chaotischen Szenen, als westliche Staaten eigenes Personal und afghanische Mitarbeiter au\u00dfer Landes zu bringen versuchten.\n<\/p>\n<p class=\"paragraph article__item\">Seit der Macht\u00fcbernahme der Taliban befindet sich <a class=\"rtr-entity\" href=\"https:\/\/www.zeit.de\/thema\/afghanistan\" rel=\"nofollow noopener\" target=\"_blank\">Afghanistan<\/a> in einer schweren humanit\u00e4ren Krise. Der Zugang zu internationaler Hilfe ist stark begrenzt. Die Taliban beschneiden die Meinungsfreiheit. Die Rechte von Frauen sind beschnitten, ihr Zugang zu Bildung extrem eingeschr\u00e4nkt.\n<\/p>\n<p>            Bundesregierung arbeitet mit Taliban zusammen            <\/p>\n<p class=\"paragraph article__item\">Dem Machtwechsel vor f\u00fcnf Jahren war ein fast zwanzigj\u00e4hriger internationaler Milit\u00e4reinsatz vorausgegangen. Nach den Anschl\u00e4gen der Terrororganisation Al-Kaida am 11. September 2001 auf Ziele in den USA starteten diese gemeinsam mit Verb\u00fcndeten eine Invasion in Afghanistan. Ziel war es, die Taliban zu st\u00fcrzen, denen man vorwarf, Terroristen der Al-Kaida zu beherbergen. Bis 2021 starben mehr als 2.300 US-Soldaten und 59 Angeh\u00f6rige der Bundeswehr in Afghanistan. Die Brown University sch\u00e4tzt, dass in dem Krieg mehr als 46.000 Zivilisten und fast 70.000 afghanische Sicherheitskr\u00e4fte get\u00f6tet wurden.\n<\/p>\n<p class=\"paragraph article__item\">F\u00fcr ihren Umgang mit den Taliban wird die Bundesregierung unter anderem von Menschenrechtsorganisationen kritisiert. <a href=\"https:\/\/www.auswaertiges-amt.de\/de\/service\/laender\/afghanistan-node\/bilateral-204680\" target=\"_blank\" rel=\"nofollow noopener\">Deutschland erkennt die Taliban wegen ihrer Menschenrechtsverletzungen nicht als Regierung an<\/a>. Zugleich macht die Bundesregierung <a href=\"https:\/\/www.zeit.de\/politik\/deutschland\/2025-10\/afghanische-botschaft-berlin-taliban-flagge-machtuebernahme\" target=\"_blank\" rel=\"nofollow noopener\">praktische Zugest\u00e4ndnisse<\/a>, um Abschiebungen nach Afghanistan zu erm\u00f6glichen. <a href=\"https:\/\/www.zeit.de\/politik\/deutschland\/2025-11\/afghanistan-deutschland-bonn-generalkonsulat-taliban\" target=\"_blank\" rel=\"nofollow noopener\">Inzwischen stellen die Taliban etwa das Personal<\/a> in den diplomatischen Vertretungen in Deutschland.\n<\/p>\n<p>Mehr zum Thema<\/p>\n<p>                <a href=\"https:\/\/www.zeit.de\/zeit-magazin\/2026\/02\/afghanistan-familie-kinder-gefaegnis-liebe\" data-ct-label=\"Afghanistan: Das bisschen Leben\" data-uuid=\"10194a74-89d3-4aca-80de-d6accb61bf97\" rel=\"nofollow noopener\" target=\"_blank\"><\/p>\n<p>        Z+ (abopflichtiger Inhalt);<\/p>\n<p>    Afghanistan:<br \/>\n                        Das bisschen Leben<\/p>\n<p>                <\/a><\/p>\n<p>                <a href=\"https:\/\/www.zeit.de\/familie\/2026-07\/verschleppung-zwangsheirat-ferien-maedchen-afghanistan-ausland\" data-ct-label=\"Verschleppung und Zwangsheirat: Statt in die Ferien ging es nach Afghanistan\" data-uuid=\"709c6ea2-9f37-4aa8-9073-1e6932d843e7\" rel=\"nofollow noopener\" target=\"_blank\"><\/p>\n<p>        Z+ (abopflichtiger Inhalt);<\/p>\n<p>    Verschleppung und Zwangsheirat:<br \/>\n                        Statt in die Ferien ging es nach Afghanistan<\/p>\n<p>                <\/a><\/p>\n<p>                <a href=\"https:\/\/www.zeit.de\/politik\/deutschland\/2025-12\/ortskraefte-afghanistan-bundeswehr-bundesregierung-alexander-dobrindt\" data-ct-label=\"Geflohene aus Afghanistan: Das Ende der Barmherzigkeit\" data-uuid=\"73f070f3-9f1d-40d0-90f4-40e46588ae12\" rel=\"nofollow noopener\" target=\"_blank\"><\/p>\n<p>                        Geflohene aus Afghanistan:<br \/>\n                        Das Ende der Barmherzigkeit<\/p>\n<p>                <\/a><\/p>\n","protected":false},"excerpt":{"rendered":"Die islamistischen Taliban haben in Afghanistan den f\u00fcnften Jahrestag ihrer Macht\u00fcbernahme gefeiert. In der afghanischen Hauptstadt Kabul wurde&hellip;\n","protected":false},"author":2,"featured_media":1238238,"comment_status":"","ping_status":"","sticky":false,"template":"","format":"standard","meta":{"footnotes":"","_share_on_mastodon":"0"},"categories":[5],"tags":[7451,331,332,3364,29,30,13,9160,13773,14,15,16,12,15451],"class_list":["post-1238237","post","type-post","status-publish","format-standard","has-post-thumbnail","category-nachrichten","tag-afghanistan","tag-aktuelle-nachrichten","tag-aktuelle-news","tag-de","tag-deutschland","tag-germany","tag-headlines","tag-jahrestag","tag-kabul","tag-nachrichten","tag-news","tag-politik","tag-schlagzeilen","tag-taliban"],"share_on_mastodon":{"url":"https:\/\/pubeurope.com\/@de\/117099516883056386","error":""},"_links":{"self":[{"href":"https:\/\/www.europesays.com\/de\/wp-json\/wp\/v2\/posts\/1238237","targetHints":{"allow":["GET"]}}],"collection":[{"href":"https:\/\/www.europesays.com\/de\/wp-json\/wp\/v2\/posts"}],"about":[{"href":"https:\/\/www.europesays.com\/de\/wp-json\/wp\/v2\/types\/post"}],"author":[{"embeddable":true,"href":"https:\/\/www.europesays.com\/de\/wp-json\/wp\/v2\/users\/2"}],"replies":[{"embeddable":true,"href":"https:\/\/www.europesays.com\/de\/wp-json\/wp\/v2\/comments?post=1238237"}],"version-history":[{"count":0,"href":"https:\/\/www.europesays.com\/de\/wp-json\/wp\/v2\/posts\/1238237\/revisions"}],"wp:featuredmedia":[{"embeddable":true,"href":"https:\/\/www.europesays.com\/de\/wp-json\/wp\/v2\/media\/1238238"}],"wp:attachment":[{"href":"https:\/\/www.europesays.com\/de\/wp-json\/wp\/v2\/media?parent=1238237"}],"wp:term":[{"taxonomy":"category","embeddable":true,"href":"https:\/\/www.europesays.com\/de\/wp-json\/wp\/v2\/categories?post=1238237"},{"taxonomy":"post_tag","embeddable":true,"href":"https:\/\/www.europesays.com\/de\/wp-json\/wp\/v2\/tags?post=1238237"}],"curies":[{"name":"wp","href":"https:\/\/api.w.org\/{rel}","templated":true}]}}