{"id":1238276,"date":"2026-08-15T12:51:20","date_gmt":"2026-08-15T12:51:20","guid":{"rendered":"https:\/\/www.europesays.com\/de\/1238276\/"},"modified":"2026-08-15T12:51:20","modified_gmt":"2026-08-15T12:51:20","slug":"auf-fuer-neubau-der-rheinoper-in-duesseldorf-diese-sechs-optionen-gibt-es","status":"publish","type":"post","link":"https:\/\/www.europesays.com\/de\/1238276\/","title":{"rendered":"Auf f\u00fcr Neubau der Rheinoper in D\u00fcsseldorf: diese sechs Optionen gibt es"},"content":{"rendered":"<p class=\"text_ohne_einzug richtext text-em-55 !leading-serif mx-6 desktop:mx-0\"> Es gab in den 1980er-Jahren bei der musikalisch teils zweifelhaften Neuen Deutschen Welle eine \u00f6sterreichische Kabarett-Band, deren Name die Situation an der Oper in D\u00fcsseldorf heute gut spiegelt: Erste Allgemeine Verunsicherung. \u201eBa-Ba-Bank\u00fcberfall\u201c war einer ihrer Hits. In D\u00fcsseldorf an der Rheinoper f\u00fchlt man sich auch \u00fcberfallen, nur zum Lachen ist niemandem zumute. \u201eWir befinden uns in einer schwierigen Lage. Wir sind verunsichert und besorgt\u201c, sagte eine Sprecherin der Deutschen Oper am <a href=\"https:\/\/rp-online.de\/thema\/rhein\/\" rel=\"nofollow noopener\" target=\"_blank\">Rhein<\/a>.<\/p>\n","protected":false},"excerpt":{"rendered":"Es gab in den 1980er-Jahren bei der musikalisch teils zweifelhaften Neuen Deutschen Welle eine \u00f6sterreichische Kabarett-Band, deren Name&hellip;\n","protected":false},"author":2,"featured_media":1229323,"comment_status":"","ping_status":"","sticky":false,"template":"","format":"standard","meta":{"footnotes":"","_share_on_mastodon":"0"},"categories":[1831],"tags":[3364,29,3405,30,2190,1209,5207,86001],"class_list":["post-1238276","post","type-post","status-publish","format-standard","has-post-thumbnail","category-duesseldorf","tag-de","tag-deutschland","tag-duesseldorf","tag-germany","tag-neubau","tag-nordrhein-westfalen","tag-rheinoper","tag-wehrhahn"],"share_on_mastodon":{"url":"https:\/\/pubeurope.com\/@de\/117099619192633809","error":""},"_links":{"self":[{"href":"https:\/\/www.europesays.com\/de\/wp-json\/wp\/v2\/posts\/1238276","targetHints":{"allow":["GET"]}}],"collection":[{"href":"https:\/\/www.europesays.com\/de\/wp-json\/wp\/v2\/posts"}],"about":[{"href":"https:\/\/www.europesays.com\/de\/wp-json\/wp\/v2\/types\/post"}],"author":[{"embeddable":true,"href":"https:\/\/www.europesays.com\/de\/wp-json\/wp\/v2\/users\/2"}],"replies":[{"embeddable":true,"href":"https:\/\/www.europesays.com\/de\/wp-json\/wp\/v2\/comments?post=1238276"}],"version-history":[{"count":0,"href":"https:\/\/www.europesays.com\/de\/wp-json\/wp\/v2\/posts\/1238276\/revisions"}],"wp:featuredmedia":[{"embeddable":true,"href":"https:\/\/www.europesays.com\/de\/wp-json\/wp\/v2\/media\/1229323"}],"wp:attachment":[{"href":"https:\/\/www.europesays.com\/de\/wp-json\/wp\/v2\/media?parent=1238276"}],"wp:term":[{"taxonomy":"category","embeddable":true,"href":"https:\/\/www.europesays.com\/de\/wp-json\/wp\/v2\/categories?post=1238276"},{"taxonomy":"post_tag","embeddable":true,"href":"https:\/\/www.europesays.com\/de\/wp-json\/wp\/v2\/tags?post=1238276"}],"curies":[{"name":"wp","href":"https:\/\/api.w.org\/{rel}","templated":true}]}}