{"id":1238372,"date":"2026-08-15T13:51:20","date_gmt":"2026-08-15T13:51:20","guid":{"rendered":"https:\/\/www.europesays.com\/de\/1238372\/"},"modified":"2026-08-15T13:51:20","modified_gmt":"2026-08-15T13:51:20","slug":"neuss-netzwerktreffen-zum-thema-ukraine-auf-dem-campus-zukunft","status":"publish","type":"post","link":"https:\/\/www.europesays.com\/de\/1238372\/","title":{"rendered":"Neuss: Netzwerktreffen zum Thema Ukraine auf dem Campus Zukunft"},"content":{"rendered":"<p class=\"text_ohne_einzug richtext text-em-55 !leading-serif mx-6 desktop:mx-0\"> Der ukrainische Unabh\u00e4ngigkeitstag am 24. August steht f\u00fcr Freiheit, Selbstbestimmung und die unersch\u00fctterliche St\u00e4rke der ukrainischen Bev\u00f6lkerung. Bereits im Vorfeld l\u00e4dt die Industrie- und Handelskammer (IHK) Mittlerer <a href=\"https:\/\/rp-online.de\/thema\/niederrhein\/\" rel=\"nofollow noopener\" target=\"_blank\">Niederrhein<\/a> zum Netzwerktreffen \u201eUnited for Ukraine\u201c ein. Die Veranstaltung findet am Mittwoch, 19. August, um 18 Uhr im Campus Zukunft auf dem Wendersplatz statt. Einlass ist bereits ab 17.30 Uhr.<\/p>\n<p class=\"richtext text-em-55 !leading-serif mx-6 desktop:mx-0\">Im Mittelpunkt der Veranstaltung stehen die Solidarit\u00e4t am Niederrhein mit der Ukraine und die n\u00e4chsten Schritte: wirtschaftliche Partnerschaften, konkrete Kooperationsm\u00f6glichkeiten und die Chancen f\u00fcr Unternehmen aus der Region durch den Wiederaufbau und die Modernisierung der Ukraine. Politische und wirtschaftliche Vertreter aus Deutschland und der Ukraine geben Einblicke in die Perspektiven der deutsch-ukrainischen Zusammenarbeit.<\/p>\n<p class=\"richtext text-em-55 !leading-serif mx-6 desktop:mx-0\">Auf dem Programm steht etwa eine Diskussion zum Thema \u201eVon Solidarit\u00e4t zu Partnerschaft \u2013 wirtschaftliche Chancen in herausfordernden Zeiten\u201c, bei der verschiedene Experten zu Wort kommen sollen. Zum Thema \u201eKooperation statt Konfrontation \u2013 Investieren in geopolitischen Krisen\u201c wird es eine Videoschalte in die Ukraine geben. Zudem \u00fcberreicht der Botschafter der Ukraine, Oleksii Makeiev, Menschen aus der Region, die sich in der frontnahen Oblast <a href=\"https:\/\/rp-online.de\/thema\/charkiw\/\" rel=\"nofollow noopener\" target=\"_blank\">Charkiw<\/a> engagiert haben, im Namen der Regionalverwaltung Dankes-Urkunden. <\/p>\n<p class=\"richtext text-em-55 !leading-serif mx-6 desktop:mx-0\">Die Veranstaltung ist kostenlos. Um eine vorherige Anmeldung unter https:\/\/events.mnr.ihk.de\/ wird gebeten.<\/p>\n","protected":false},"excerpt":{"rendered":"Der ukrainische Unabh\u00e4ngigkeitstag am 24. August steht f\u00fcr Freiheit, Selbstbestimmung und die unersch\u00fctterliche St\u00e4rke der ukrainischen Bev\u00f6lkerung. Bereits&hellip;\n","protected":false},"author":2,"featured_media":1238373,"comment_status":"","ping_status":"","sticky":false,"template":"","format":"standard","meta":{"footnotes":"","_share_on_mastodon":"0"},"categories":[4012],"tags":[331,332,13,5665,14,15,3716,12,317,28408,3699,67564],"class_list":["post-1238372","post","type-post","status-publish","format-standard","has-post-thumbnail","category-ukraine","tag-aktuelle-nachrichten","tag-aktuelle-news","tag-headlines","tag-ihk","tag-nachrichten","tag-news","tag-niederrhein","tag-schlagzeilen","tag-ukraine","tag-ukrainische","tag-veranstaltung","tag-wirtschaftliche"],"share_on_mastodon":{"url":"https:\/\/pubeurope.com\/@de\/117099855063761271","error":""},"_links":{"self":[{"href":"https:\/\/www.europesays.com\/de\/wp-json\/wp\/v2\/posts\/1238372","targetHints":{"allow":["GET"]}}],"collection":[{"href":"https:\/\/www.europesays.com\/de\/wp-json\/wp\/v2\/posts"}],"about":[{"href":"https:\/\/www.europesays.com\/de\/wp-json\/wp\/v2\/types\/post"}],"author":[{"embeddable":true,"href":"https:\/\/www.europesays.com\/de\/wp-json\/wp\/v2\/users\/2"}],"replies":[{"embeddable":true,"href":"https:\/\/www.europesays.com\/de\/wp-json\/wp\/v2\/comments?post=1238372"}],"version-history":[{"count":0,"href":"https:\/\/www.europesays.com\/de\/wp-json\/wp\/v2\/posts\/1238372\/revisions"}],"wp:featuredmedia":[{"embeddable":true,"href":"https:\/\/www.europesays.com\/de\/wp-json\/wp\/v2\/media\/1238373"}],"wp:attachment":[{"href":"https:\/\/www.europesays.com\/de\/wp-json\/wp\/v2\/media?parent=1238372"}],"wp:term":[{"taxonomy":"category","embeddable":true,"href":"https:\/\/www.europesays.com\/de\/wp-json\/wp\/v2\/categories?post=1238372"},{"taxonomy":"post_tag","embeddable":true,"href":"https:\/\/www.europesays.com\/de\/wp-json\/wp\/v2\/tags?post=1238372"}],"curies":[{"name":"wp","href":"https:\/\/api.w.org\/{rel}","templated":true}]}}