{"id":1238378,"date":"2026-08-15T13:56:17","date_gmt":"2026-08-15T13:56:17","guid":{"rendered":"https:\/\/www.europesays.com\/de\/1238378\/"},"modified":"2026-08-15T13:56:17","modified_gmt":"2026-08-15T13:56:17","slug":"frankreichs-verfassungsrat-billigt-gesetz-zur-sterbehilfe-politik","status":"publish","type":"post","link":"https:\/\/www.europesays.com\/de\/1238378\/","title":{"rendered":"Frankreichs Verfassungsrat billigt Gesetz zur Sterbehilfe &#8211; Politik"},"content":{"rendered":"<p data-manual=\"paragraph\" data-schema-org-speakable=\"true\" class=\"css-1eosz7k\">Die Erlaubnis f\u00fcr aktive <a href=\"https:\/\/www.sueddeutsche.de\/thema\/Sterbehilfe\" rel=\"nofollow noopener\" target=\"_blank\">Sterbehilfe<\/a> hat in <a href=\"https:\/\/www.sueddeutsche.de\/thema\/Frankreich\" rel=\"nofollow noopener\" target=\"_blank\">Frankreich<\/a> auch die letzte H\u00fcrde genommen. Der Verfassungsrat billigte am Freitagabend das vom Parlament Mitte Juli verabschiedete Gesetz. Kein einziger der vorgelegten Artikel sei verfassungswidrig.<\/p>\n<p data-manual=\"paragraph\" data-schema-org-speakable=\"true\" class=\"css-1eosz7k\">Zugleich \u00e4u\u00dferte das Gremium drei Vorbehalte zu den vorliegenden Bestimmungen. Der erste betreffe die Schutzgarantie f\u00fcr vollj\u00e4hrige Personen, die unter rechtlicher Betreuung einer anderen Person stehen. So m\u00fcsse gew\u00e4hrleistet sein, dass der Arzt, bei dem der Antrag auf Sterbehilfe eingereicht wurde, zus\u00e4tzlich auch die Stellungnahme der betreuenden Person einhole und in der Entscheidungsfindung beachte.<\/p>\n<p data-manual=\"paragraph\" data-schema-org-speakable=\"true\" class=\"css-1eosz7k\">Die weiteren Vorbehalte betreffen die sogenannte Gewissensklausel. Dadurch k\u00f6nnen Medizinerinnen und Mediziner sowie auch Einrichtungen der Altenpflege, in denen sich Personen mit dem Wunsch nach Suizidbeihilfe befinden, den Sterbehilfewunsch ablehnen. Diese Klausel m\u00fcsse zum einen auch auf Apothekerinnen und Apotheker ausgeweitet werden, die nicht zur Herstellung der notwendigen Medikamente gedr\u00e4ngt werden d\u00fcrften. Zum anderen m\u00fcsse Einrichtungen und Personal weiterhin die M\u00f6glichkeit einger\u00e4umt werden, die Ausf\u00fchrung von Suizidbeihilfe abzulehnen.<\/p>\n<p data-manual=\"paragraph\" data-schema-org-speakable=\"true\" class=\"css-1eosz7k\">Die kontrovers diskutierte Neuregelung der <a href=\"https:\/\/www.sueddeutsche.de\/politik\/frankreich-sterbehilfe-regeln-neues-gesetz-li.3516336\" rel=\"nofollow noopener\" target=\"_blank\">Sterbehilfe war f\u00fcr Frankreichs Pr\u00e4sident Emmanuel Macron eines der gro\u00dfen gesellschaftspolitischen Projekte<\/a>. Unmittelbar vor der parlamentarischen Sommerpause hatte die Nationalversammlung am 15. Juli mit 291 zu 241 Stimmen gr\u00fcnes Licht f\u00fcr den Gesetzentwurf gegeben.<\/p>\n<p data-manual=\"paragraph\" data-schema-org-speakable=\"true\" class=\"css-1eosz7k\">Das neue Gesetz gestattet Erwachsenen mit schwersten Erkrankungen die Einnahme t\u00f6dlicher Medikamente. Wenn es der k\u00f6rperliche Zustand den Betroffenen nicht m\u00f6glich macht, die Medikamente selbst\u00e4ndig zu nehmen, sollen sie sich von einer Person ihrer Wahl, von einem Arzt oder einer Pflegekraft helfen lassen k\u00f6nnen.<\/p>\n<p data-manual=\"paragraph\" data-schema-org-speakable=\"true\" class=\"css-1eosz7k\">Konkret sieht der Gesetzentwurf vor, dass schwerstkranke Patienten einen Antrag auf ein t\u00f6dliches Medikament stellen k\u00f6nnen. \u00c4rzte m\u00fcssen best\u00e4tigen, dass die Betroffenen an einer schweren, unheilbaren und schmerzhaften Krankheit leiden und aus freien St\u00fccken ihr Leben beenden m\u00f6chten.<\/p>\n","protected":false},"excerpt":{"rendered":"Die Erlaubnis f\u00fcr aktive Sterbehilfe hat in Frankreich auch die letzte H\u00fcrde genommen. Der Verfassungsrat billigte am Freitagabend&hellip;\n","protected":false},"author":2,"featured_media":1238379,"comment_status":"","ping_status":"","sticky":false,"template":"","format":"standard","meta":{"footnotes":"","_share_on_mastodon":"0"},"categories":[3974],"tags":[331,332,147,548,663,3934,3980,156,13,148,14,15,16,12,51704,149],"class_list":["post-1238378","post","type-post","status-publish","format-standard","has-post-thumbnail","category-frankreich","tag-aktuelle-nachrichten","tag-aktuelle-news","tag-ausland","tag-eu","tag-europa","tag-europe","tag-france","tag-frankreich","tag-headlines","tag-leserdiskussion","tag-nachrichten","tag-news","tag-politik","tag-schlagzeilen","tag-sterbehilfe","tag-sueddeutsche-zeitung"],"share_on_mastodon":{"url":"https:\/\/pubeurope.com\/@de\/117099874688195938","error":""},"_links":{"self":[{"href":"https:\/\/www.europesays.com\/de\/wp-json\/wp\/v2\/posts\/1238378","targetHints":{"allow":["GET"]}}],"collection":[{"href":"https:\/\/www.europesays.com\/de\/wp-json\/wp\/v2\/posts"}],"about":[{"href":"https:\/\/www.europesays.com\/de\/wp-json\/wp\/v2\/types\/post"}],"author":[{"embeddable":true,"href":"https:\/\/www.europesays.com\/de\/wp-json\/wp\/v2\/users\/2"}],"replies":[{"embeddable":true,"href":"https:\/\/www.europesays.com\/de\/wp-json\/wp\/v2\/comments?post=1238378"}],"version-history":[{"count":0,"href":"https:\/\/www.europesays.com\/de\/wp-json\/wp\/v2\/posts\/1238378\/revisions"}],"wp:featuredmedia":[{"embeddable":true,"href":"https:\/\/www.europesays.com\/de\/wp-json\/wp\/v2\/media\/1238379"}],"wp:attachment":[{"href":"https:\/\/www.europesays.com\/de\/wp-json\/wp\/v2\/media?parent=1238378"}],"wp:term":[{"taxonomy":"category","embeddable":true,"href":"https:\/\/www.europesays.com\/de\/wp-json\/wp\/v2\/categories?post=1238378"},{"taxonomy":"post_tag","embeddable":true,"href":"https:\/\/www.europesays.com\/de\/wp-json\/wp\/v2\/tags?post=1238378"}],"curies":[{"name":"wp","href":"https:\/\/api.w.org\/{rel}","templated":true}]}}