{"id":1238422,"date":"2026-08-15T14:23:21","date_gmt":"2026-08-15T14:23:21","guid":{"rendered":"https:\/\/www.europesays.com\/de\/1238422\/"},"modified":"2026-08-15T14:23:21","modified_gmt":"2026-08-15T14:23:21","slug":"bayerns-test-kracher-gegen-leipzig-im-live-ticker-sport","status":"publish","type":"post","link":"https:\/\/www.europesays.com\/de\/1238422\/","title":{"rendered":"Bayerns Test-Kracher gegen Leipzig im Live-Ticker | Sport"},"content":{"rendered":"<p><img loading=\"lazy\" decoding=\"async\" src=\"https:\/\/www.europesays.com\/de\/wp-content\/uploads\/2026\/08\/vgzm.2150080-6a80597f169e8e32c0ae9351.gif\" width=\"1\" height=\"1\" alt=\"\" class=\"vgwort-pixel\"\/>Test-Kracher gegen Leipzig im Live-Ticker: Bayern f\u00fchrt, aber verliert Abwehr-Star verletzt<img fetchpriority=\"high\" decoding=\"async\" width=\"992\" height=\"661\" alt=\"Vincent Kompany (40) will mit seinen Bayern den vierten Sieg in der Vorbereitung einfahren\" loading=\"eager\" src=\"https:\/\/www.europesays.com\/de\/wp-content\/uploads\/2026\/08\/fe4a60d3072354a58a5124d43c4faec2,68451ec2.jpeg\"   class=\"dynamic\"\/><\/p>\n<p class=\"fig__caption__text\">Vincent Kompany (40) will mit seinen Bayern den vierten Sieg in der Vorbereitung einfahren<\/p>\n<p>Foto: picture alliance\/Kirchner-Media<\/p>\n<p>15.08.2026 &#8211; 16:10 Uhr <a class=\"skip-content skip-content--link\" href=\"#in-content-skip-link-target-v-0-0\">TTS-Player \u00fcberspringen\u21b5<\/a><a id=\"in-content-skip-link-target-v-0-0\" class=\"skip-content--target-link-hidden skip-content skip-content--target-link\" href=\"#in-content-skip-link-target-v-0-0\">Artikel weiterlesen<\/a><\/p>\n<p data-21134c99=\"0-4731\"><b>Ein <\/b><a href=\"https:\/\/www.bild.de\/sport\/fussball\/bundesliga\/bundesliga-startseite-52368768.bild.html\" class=\"text-link\" rel=\"nofollow noopener\" target=\"_blank\"><b>Bundesliga<\/b><\/a><b>-Spitzenspiel in der Vorbereitung! Ab 15.30 Uhr spielen die <\/b><a href=\"https:\/\/www.bild.de\/sport\/fussball\/bayern-muenchen\/startseite-fc-bayern-muenchen-31074450.bild.html\" class=\"text-link\" rel=\"nofollow noopener\" target=\"_blank\"><b>Bayern<\/b><\/a><b> in der Allianz Arena gegen <\/b><a href=\"https:\/\/www.bild.de\/sport\/fussball\/rb-leipzig\/startseite-leipzig-31148870.bild.html\" class=\"text-link\" rel=\"nofollow noopener\" target=\"_blank\"><b>RB Leipzig<\/b><\/a><b> um den Telekom-Cup. Das Testspiel der beiden Champions-League-Teilnehmer wurde bereits vor vier Jahren als Teil der Abl\u00f6se f\u00fcr Trainer Julian Nagelsmann (39) vereinbart und l\u00e4uft live und kostenlos bei MagentaTV<\/b><\/p>\n<p data-21134c99=\"0-4731\">Auch im BILD-Ticker k\u00f6nnen Sie das Spiel live mitverfolgen.<\/p>\n<ul class=\"live-ticker__list\">\n<li id=\"6a807543169e8e32c0ae9524\" class=\"live-ticker__message\">\n<p>15.08.2026 &#8211; 16:18 Uhr <\/p>\n<p> Halbzeit!<\/p>\n<p>Die Bayern gehen mit einer 1:0-F\u00fchrung in die Kabine.<\/p>\n<\/li>\n<li id=\"6a80738e28e0c1c407f03f82\" class=\"live-ticker__message\">\n<p>15.08.2026 &#8211; 16:11 Uhr <\/p>\n<p> Erste dicke Leipziger Chance<\/p>\n<p>40. Minute: Banzuzi verpasst den Ausgleich. Sein Kopfball fliegt knapp links vorbei.<\/p>\n<\/li>\n<li id=\"6a8071d8fff1ccc44dd68efe\" class=\"live-ticker__message\">\n<p>15.08.2026 &#8211; 16:04 Uhr <\/p>\n<p> Zweiter RB-Schuss<\/p>\n<p>33. Minute: Mal wieder ein RB-Abschluss. Gomis schie\u00dft aber rechts vorbei.<\/p>\n<\/li>\n<li id=\"6a80707928e0c1c407f03f40\" class=\"live-ticker__message\">\n<p>15.08.2026 &#8211; 15:58 Uhr <\/p>\n<p> La Ola auf den R\u00e4ngen<\/p>\n<p>27. Minute: Den Fans macht die Hitze offenbar nicht zu schaffen. Sie schicken eine La-Ola-Welle durch die Allianz Arena.<\/p>\n<\/li>\n<li id=\"6a807016a87e8142c31d119a\" class=\"live-ticker__message\">\n<p>15.08.2026 &#8211; 15:56 Uhr <\/p>\n<p> Trinkpause!<\/p>\n<p>25. Minute: Nach knapp 25 Minuten darf getrunken werden. Auch der Rasen wird per Sprinkler noch mal gew\u00e4ssert.<\/p>\n<\/li>\n<li id=\"6a806fb8169e8e32c0ae94cb\" class=\"live-ticker__message\">\n<p>15.08.2026 &#8211; 15:55 Uhr <\/p>\n<p> Offensiv-Bubi wirbelt<\/p>\n<p>23. Minute: Bayern-Talent Tim Binder (19) macht immer wieder \u00fcber die rechte Seite Dampf. Erinnert ein bisschen an Lennart Karl (18), der vor einem Jahr beim Telekom-Cup gegen Tottenham (4:0) gro\u00df aufspielte.<\/p>\n<\/li>\n<li id=\"6a806ed7a87e8142c31d118b\" class=\"live-ticker__message\">\n<p>15.08.2026 &#8211; 15:51 Uhr <\/p>\n<p> Bayern deutlich aktiver<\/p>\n<p>20. Minute: Die F\u00fchrung befl\u00fcgelt offenbar. Die Bayern sind jetzt das klar aktivere Team. Zuvor hatten eigentlich die Leipziger den besseren Start erwischt.<\/p>\n<\/li>\n<li id=\"6a806d64169e8e32c0ae949f\" class=\"live-ticker__message\">\n<p>15.08.2026 &#8211; 15:45 Uhr <\/p>\n<p> 1:0 f\u00fcr die Bayern!<\/p>\n<p>13. Minute: Slapstick-F\u00fchrung f\u00fcr die Bayern! Leipzigs Baku schie\u00dft Mitspieler Gruda an, von dem der Ball vor die F\u00fc\u00dfe von Bayern-Star Diaz prallt. Der Kolumbianer verwandelt eiskalt in die lange Ecke zum 1:0.<\/p>\n<\/li>\n<li id=\"6a806cf6a87e8142c31d1174\" class=\"live-ticker__message\">\n<p>15.08.2026 &#8211; 15:43 Uhr <\/p>\n<p> Laimer sofort in die Kabine<\/p>\n<p>12. Minute: Das sieht gar nicht gut aus. Laimer humpelt mit schmerzverzerrtem Gesicht und mit Hilfe der Betreuer vom Platz und macht sich sofort auf den Weg Richtung Kabine f\u00fcr weitere Untersuchungen.<\/p>\n<\/li>\n<li id=\"6a806bb028e0c1c407f03ef1\" class=\"live-ticker__message\">\n<p>15.08.2026 &#8211; 15:37 Uhr <\/p>\n<p> Sorgen um Bayerns Laimer<\/p>\n<p>8. Minute: Bayerns Laimer bleibt nach einem Duell mit Raum liegen, rappelt sich auf und will eigentlich weitermachen. Der \u00d6sterreicher kann den Schmerz aber nicht rauslaufen und wird nach kurzer Behandlung ausgewechselt. F\u00fcr ihn kommt Sacha Boey auf den Platz.<\/p>\n<p><img decoding=\"async\" width=\"992\" height=\"558\" alt=\"\" loading=\"lazy\" src=\"https:\/\/www.europesays.com\/de\/wp-content\/uploads\/2026\/08\/bf6775e9b0b280b2798b769a4b461d79,12c17893.jpeg\"   class=\"landscape\"\/><\/p>\n<p>Foto: WITTERS<\/p>\n<\/li>\n<\/ul>\n<p class=\"article-content-user-report\"><a href=\"mailto:fehler-melden-sport@bild.de?body=%0A%0A%0AURL%3A%20https%3A%2F%2Fwww.bild.de%2Fsport%2Ffussball%2Fbayerns-test-kracher-gegen-leipzig-im-live-ticker-6a80597f169e8e32c0ae9351%0ADatum%3A%2015.8.2026%2C%2016%3A23%3A11%0A\" target=\"_blank\" rel=\"noopener\" class=\"anchor anchor--external\">Haben Sie Fehler entdeckt? M\u00f6chten Sie etwas kritisieren? Dann schreiben Sie uns gerne!<\/a><\/p>\n","protected":false},"excerpt":{"rendered":"Test-Kracher gegen Leipzig im Live-Ticker: Bayern f\u00fchrt, aber verliert Abwehr-Star verletzt Vincent Kompany (40) will mit seinen Bayern&hellip;\n","protected":false},"author":2,"featured_media":1238423,"comment_status":"","ping_status":"","sticky":false,"template":"","format":"standard","meta":{"footnotes":"","_share_on_mastodon":"0"},"categories":[1832],"tags":[3364,29,481,538,458,485,30,11515,71,1655,859],"class_list":["post-1238422","post","type-post","status-publish","format-standard","has-post-thumbnail","category-leipzig","tag-de","tag-deutschland","tag-dfb","tag-erste-bundesliga","tag-fc-bayern-muenchen","tag-fussball-bundesliga","tag-germany","tag-kompany-vincent","tag-leipzig","tag-rb-leipzig","tag-sachsen"],"share_on_mastodon":{"url":"","error":""},"_links":{"self":[{"href":"https:\/\/www.europesays.com\/de\/wp-json\/wp\/v2\/posts\/1238422","targetHints":{"allow":["GET"]}}],"collection":[{"href":"https:\/\/www.europesays.com\/de\/wp-json\/wp\/v2\/posts"}],"about":[{"href":"https:\/\/www.europesays.com\/de\/wp-json\/wp\/v2\/types\/post"}],"author":[{"embeddable":true,"href":"https:\/\/www.europesays.com\/de\/wp-json\/wp\/v2\/users\/2"}],"replies":[{"embeddable":true,"href":"https:\/\/www.europesays.com\/de\/wp-json\/wp\/v2\/comments?post=1238422"}],"version-history":[{"count":0,"href":"https:\/\/www.europesays.com\/de\/wp-json\/wp\/v2\/posts\/1238422\/revisions"}],"wp:featuredmedia":[{"embeddable":true,"href":"https:\/\/www.europesays.com\/de\/wp-json\/wp\/v2\/media\/1238423"}],"wp:attachment":[{"href":"https:\/\/www.europesays.com\/de\/wp-json\/wp\/v2\/media?parent=1238422"}],"wp:term":[{"taxonomy":"category","embeddable":true,"href":"https:\/\/www.europesays.com\/de\/wp-json\/wp\/v2\/categories?post=1238422"},{"taxonomy":"post_tag","embeddable":true,"href":"https:\/\/www.europesays.com\/de\/wp-json\/wp\/v2\/tags?post=1238422"}],"curies":[{"name":"wp","href":"https:\/\/api.w.org\/{rel}","templated":true}]}}