{"id":1238631,"date":"2026-08-15T16:28:18","date_gmt":"2026-08-15T16:28:18","guid":{"rendered":"https:\/\/www.europesays.com\/de\/1238631\/"},"modified":"2026-08-15T16:28:18","modified_gmt":"2026-08-15T16:28:18","slug":"tote-bei-schwerem-israelischem-angriff-im-libanon","status":"publish","type":"post","link":"https:\/\/www.europesays.com\/de\/1238631\/","title":{"rendered":"Tote bei schwerem israelischem Angriff im Libanon"},"content":{"rendered":"<p>            <img loading=\"lazy\" decoding=\"async\" class=\"ts-image\" src=\"https:\/\/www.europesays.com\/de\/wp-content\/uploads\/2026\/08\/menschen-zerstoertes-haus-100.jpg\" alt=\"Menschen suchen in den Tr\u00fcmmern eines zerst\u00f6rten Geb\u00e4udes.\" title=\"Menschen suchen in den Tr\u00fcmmern eines zerst\u00f6rten Geb\u00e4udes. | Mohammed Zaatari\/AP\/dpa\"\/><\/p>\n<p class=\"metatextline\">Stand: 15.08.2026 \u2022 16:42 Uhr<\/p>\n<p class=\"article-head__shorttext\">\n        <strong>Einen so verheerenden israelischen Angriff d\u00fcrfte es seit Wochen nicht gegeben haben: Im Libanon wurden mindestens elf Menschen get\u00f6tet. Israel sprach von Vergeltung f\u00fcr einen Angriff, den die Hisbollah ver\u00fcbt habe.<\/strong>\n    <\/p>\n<p class=\"textabsatz m-ten m-offset-one l-eight l-offset-two columns twelve\">Bei zwei israelischen Luftangriffen sind im S\u00fcdlibanon insgesamt elf Menschen get\u00f6tet worden. Es ist einer der Angriffe mit den meisten Todesopfern, seit der Libanon vor einigen Wochen einem von den USA vermittelten Rahmenabkommen f\u00fcr einen Frieden mit Israel zugestimmt hat.<\/p>\n<p class=\"textabsatz m-ten m-offset-one l-eight l-offset-two columns twelve\">Die staatliche Nachrichtenagentur NNA meldete, der Angriff am Morgen habe ein Haus am Rande des Dorfes Ansar getroffen. Unter den Toten seien drei Kinder und zwei Frauen, teilte das libanesische Gesundheitsministerium mit.<\/p>\n<p class=\"textabsatz m-ten m-offset-one l-eight l-offset-two columns twelve\">In Deir al-Sahrani wurden offiziellen Angaben zufolge vier Tote und 17 Verletzte gemeldet. Weitere Angriffe h\u00e4tten den strategisch wichtigen Ali-Taher-Berg getroffen.<\/p>\n<p>    Israel spricht von Reaktion auf j\u00fcngsten Angriff<\/p>\n<p class=\"textabsatz m-ten m-offset-one l-eight l-offset-two columns twelve\">Das israelische Milit\u00e4r erkl\u00e4rte, es habe <a href=\"https:\/\/www.tagesschau.de\/ausland\/nahost-libanon-tod-soldaten-100.html\" title=\"Israel best\u00e4tigt Tod zweier Soldaten im Libanon\" rel=\"nofollow noopener\" target=\"_blank\">nach einem t\u00f6dlichen Angriff auf seine Soldaten<\/a> Anlagen der von Iran unterst\u00fctzten Hisbollah-Miliz angegriffen. Israel werde nicht zulassen, dass die Terrororganisation israelische Zivilisten oder Soldaten verletze und auch weiterhin &#8222;Gefahren beseitigen&#8220;. Die Hisbollah reagierte zun\u00e4chst nicht auf den Angriff.<\/p>\n<p class=\"textabsatz m-ten m-offset-one l-eight l-offset-two columns twelve\">Ein anwesender Fotograf der Nachrichtenagentur dpa berichtete, auch Anwohner h\u00e4tten von einem Hisbollah-St\u00fctzpunkt gesprochen. Aufnahmen in einigen Bereichen des zerst\u00f6rten Hauses, von einem zerst\u00f6rten Auto und einem gegen\u00fcberliegenden, bewaldeten Tal seien verboten worden.<\/p>\n<p>    T\u00f6dlicher Angriff in Israels &#8222;Sicherheitszone&#8220;<\/p>\n<p class=\"textabsatz m-ten m-offset-one l-eight l-offset-two columns twelve\">Vergangene Woche waren zwei israelische Soldaten bei einer Explosion im S\u00fcdlibanon ums Leben gekommen. Dazu \u00e4u\u00dferte sich die Hisbollah aber bislang nicht. Der Beschuss hatte in einer von Israel erkl\u00e4rten &#8222;Sicherheitszone&#8220; stattgefunden.<\/p>\n<p class=\"textabsatz m-ten m-offset-one l-eight l-offset-two columns twelve\">Das von Israel besetzte Gebiet umfasst laut libanesischen Medien rund 620 Quadratkilometer. Dies entspr\u00e4che etwa sechs Prozent der Landesfl\u00e4che.<\/p>\n<p class=\"textabsatz m-ten m-offset-one l-eight l-offset-two columns twelve\">Der libanesische Ministerpr\u00e4sident Nawaf Salam schrieb bei X von einer Eskalation, die Bem\u00fchungen zur Stabilisierung der Lage im S\u00fcdlibanon untergrabe. Die Verantwortung f\u00fcr den Umgang mit etwaigen milit\u00e4rischen Einrichtungen im Land liege ausschlie\u00dflich beim Staat, vertreten durch die libanesische Armee und ihre legitimen Institutionen. Israel habe kein Recht, libanesisches Territorium zu verletzen oder Zivilisten zu gef\u00e4hrden.<\/p>\n<p>    Br\u00fcchige Waffenruhe<\/p>\n<p class=\"textabsatz m-ten m-offset-one l-eight l-offset-two columns twelve\">Die Hisbollah hatte sich Anfang M\u00e4rz kurz nach Beginn der israelischen Angriffe auf Iran an die Seite ihrer Schutzmacht gestellt und Israel attackiert. Israel reagierte mit heftigen Gegenschl\u00e4gen und einer Bodenoffensive im S\u00fcdlibanon.<\/p>\n<p class=\"textabsatz m-ten m-offset-one l-eight l-offset-two columns twelve\">Im Juni verk\u00fcndeten Israel und die libanesische Regierung ein Rahmenabkommen. Dieses sieht einen Plan f\u00fcr den R\u00fcckzug Israels aus dem S\u00fcdlibanon im Gegenzug f\u00fcr die Hisbollah-Entwaffnung vor. Die Organisation ist an dem Abkommen aber nicht beteiligt und weigert sich, ihre Waffen abzugeben.<\/p>\n<p class=\"textabsatz m-ten m-offset-one l-eight l-offset-two columns twelve\">Trotz der Waffenruhe hat das israelische Milit\u00e4r seine fast t\u00e4glichen Angriffe auf Gebiete n\u00f6rdlich des Litani-Flusses fortgesetzt. Israel und die Hisbollah werfen sich gegenseitig regelm\u00e4\u00dfig Verst\u00f6\u00dfe gegen eine Waffenruhe vor.<\/p>\n<p class=\"textabsatz m-ten m-offset-one l-eight l-offset-two columns twelve\">Seit dem 2. M\u00e4rz sind im Libanon nach Angaben der Nachrichtenagentur Reuters mindestens 4.300 Menschen get\u00f6tet worden.<\/p>\n","protected":false},"excerpt":{"rendered":"Stand: 15.08.2026 \u2022 16:42 Uhr Einen so verheerenden israelischen Angriff d\u00fcrfte es seit Wochen nicht gegeben haben: Im&hellip;\n","protected":false},"author":2,"featured_media":1238632,"comment_status":"","ping_status":"","sticky":false,"template":"","format":"standard","meta":{"footnotes":"","_share_on_mastodon":"0"},"categories":[3],"tags":[13,18544,411,7296,14,15,12,10,8,9,11,103,104],"class_list":["post-1238631","post","type-post","status-publish","format-standard","has-post-thumbnail","category-welt","tag-headlines","tag-hisbollah","tag-israel","tag-libanon","tag-nachrichten","tag-news","tag-schlagzeilen","tag-top-news","tag-top-meldungen","tag-topmeldungen","tag-topnews","tag-welt","tag-world"],"share_on_mastodon":{"url":"https:\/\/pubeurope.com\/@de\/117100474264535063","error":""},"_links":{"self":[{"href":"https:\/\/www.europesays.com\/de\/wp-json\/wp\/v2\/posts\/1238631","targetHints":{"allow":["GET"]}}],"collection":[{"href":"https:\/\/www.europesays.com\/de\/wp-json\/wp\/v2\/posts"}],"about":[{"href":"https:\/\/www.europesays.com\/de\/wp-json\/wp\/v2\/types\/post"}],"author":[{"embeddable":true,"href":"https:\/\/www.europesays.com\/de\/wp-json\/wp\/v2\/users\/2"}],"replies":[{"embeddable":true,"href":"https:\/\/www.europesays.com\/de\/wp-json\/wp\/v2\/comments?post=1238631"}],"version-history":[{"count":0,"href":"https:\/\/www.europesays.com\/de\/wp-json\/wp\/v2\/posts\/1238631\/revisions"}],"wp:featuredmedia":[{"embeddable":true,"href":"https:\/\/www.europesays.com\/de\/wp-json\/wp\/v2\/media\/1238632"}],"wp:attachment":[{"href":"https:\/\/www.europesays.com\/de\/wp-json\/wp\/v2\/media?parent=1238631"}],"wp:term":[{"taxonomy":"category","embeddable":true,"href":"https:\/\/www.europesays.com\/de\/wp-json\/wp\/v2\/categories?post=1238631"},{"taxonomy":"post_tag","embeddable":true,"href":"https:\/\/www.europesays.com\/de\/wp-json\/wp\/v2\/tags?post=1238631"}],"curies":[{"name":"wp","href":"https:\/\/api.w.org\/{rel}","templated":true}]}}