{"id":1238644,"date":"2026-08-15T16:36:32","date_gmt":"2026-08-15T16:36:32","guid":{"rendered":"https:\/\/www.europesays.com\/de\/1238644\/"},"modified":"2026-08-15T16:36:32","modified_gmt":"2026-08-15T16:36:32","slug":"bma365-bamberg-baskets-testen-auch-in-braunschweig","status":"publish","type":"post","link":"https:\/\/www.europesays.com\/de\/1238644\/","title":{"rendered":"BMA365 Bamberg Baskets testen auch in Braunschweig"},"content":{"rendered":"<p>BMA365 Bamberg Baskets testen auch in Braunschweig<\/p>\n<p class=\"post-byline\">\n<strong>Pressemitteilung<\/strong> ver\u00f6ffentlicht von<\/p>\n<p><a href=\"https:\/\/www.wiesentbote.de\/author\/redaktion\/\" rel=\"author nofollow noopener\" target=\"_blank\">Redaktion<\/a><\/p>\n<p>am 15. August 2026<\/p>\n<p><img width=\"720\" height=\"377\" src=\"data:image\/svg+xml,%3Csvg%20xmlns%3D%22http%3A%2F%2Fwww.w3.org%2F2000%2Fsvg%22%20viewBox%3D%220%200%20720%20377%22%3E%3C%2Fsvg%3E\" data-src=\"https:\/\/www.europesays.com\/de\/wp-content\/uploads\/2025\/08\/symbolbild-basketball.jpg\" class=\"attachment-full size-full wp-post-image lazy\" alt=\"symbolbild basketball\" decoding=\"async\" fetchpriority=\"high\" data- data-\/><\/p>\n<p>Die BMA365 Bamberg Baskets haben ihre Saisonvorbereitung um ein weiteres Testspiel erweitert. Nach dem nicht \u00f6ffentlichen Testspiel am 29. August in Ludwigsburg wird das Team von Head Coach Jes\u00fas Ram\u00edrez am 2. September in ein Mini-Trainingscamp aufbrechen. Neben verschiedenen Trainingseinheiten und Team Building Events werden die Bamberger am 4. September in Niedersachsen auch ein weiteres Testspiel absolvieren. Im Rahmen der Saisoner\u00f6ffnung der Basketball L\u00f6wen Braunschweig bestreitet man ein \u00f6ffentliches Vorbereitungsspiel gegen den BBL-Konkurrenten. Die Partie gegen die L\u00f6wen findet in der Volkswagen Halle in Braunschweig statt.<\/p>\n<p>Aus der L\u00f6wenstadt reisen die BMA365 Bamberg Baskets dann direkt weiter nach M\u00fcnchen, wo man am\u00a0Sonntag, 6. September\u00a0um 18:00 Uhr beim n\u00e4chsten Test auf dem Parkett des Audi Domes gegen den\u00a0FC Bayern M\u00fcnchen\u00a0stehen wird. Tickets f\u00fcr diese ebenfalls \u00f6ffentliche Partie sind \u00fcber die Homepage der M\u00fcnchner zu bekommen.<\/p>\n<p class=\"post-tags\">Tags:  <a href=\"https:\/\/www.wiesentbote.de\/kommune\/bamberg\/\" rel=\"tag nofollow noopener\" target=\"_blank\">Bamberg<\/a><a href=\"https:\/\/www.wiesentbote.de\/kommune\/landkreis-bamberg\/\" rel=\"tag nofollow noopener\" target=\"_blank\">Landkreis Bamberg<\/a><\/p>\n<ul class=\"post-nav group\">\n<li class=\"previous\"><strong>Vorheriger Beitrag\u00a0<\/strong><a href=\"https:\/\/www.wiesentbote.de\/2026\/08\/15\/neu-infoscreen-am-roten-haeuschen-in-bayreuth\/\" rel=\"prev nofollow noopener\" target=\"_blank\">Neu: Infoscreen am \u201eRoten H\u00e4uschen\u201c in Bayreuth<\/a><\/li>\n<\/ul>\n","protected":false},"excerpt":{"rendered":"BMA365 Bamberg Baskets testen auch in Braunschweig Pressemitteilung ver\u00f6ffentlicht von Redaktion am 15. August 2026 Die BMA365 Bamberg&hellip;\n","protected":false},"author":2,"featured_media":371268,"comment_status":"","ping_status":"","sticky":false,"template":"","format":"standard","meta":{"footnotes":"","_share_on_mastodon":"0"},"categories":[1850],"tags":[5705,6429,3364,29,548,663,3934,30,13,26027,14,15,1411,12],"class_list":["post-1238644","post","type-post","status-publish","format-standard","has-post-thumbnail","category-braunschweig","tag-bamberg","tag-braunschweig","tag-de","tag-deutschland","tag-eu","tag-europa","tag-europe","tag-germany","tag-headlines","tag-landkreis-bamberg","tag-nachrichten","tag-news","tag-niedersachsen","tag-schlagzeilen"],"share_on_mastodon":{"url":"","error":""},"_links":{"self":[{"href":"https:\/\/www.europesays.com\/de\/wp-json\/wp\/v2\/posts\/1238644","targetHints":{"allow":["GET"]}}],"collection":[{"href":"https:\/\/www.europesays.com\/de\/wp-json\/wp\/v2\/posts"}],"about":[{"href":"https:\/\/www.europesays.com\/de\/wp-json\/wp\/v2\/types\/post"}],"author":[{"embeddable":true,"href":"https:\/\/www.europesays.com\/de\/wp-json\/wp\/v2\/users\/2"}],"replies":[{"embeddable":true,"href":"https:\/\/www.europesays.com\/de\/wp-json\/wp\/v2\/comments?post=1238644"}],"version-history":[{"count":0,"href":"https:\/\/www.europesays.com\/de\/wp-json\/wp\/v2\/posts\/1238644\/revisions"}],"wp:featuredmedia":[{"embeddable":true,"href":"https:\/\/www.europesays.com\/de\/wp-json\/wp\/v2\/media\/371268"}],"wp:attachment":[{"href":"https:\/\/www.europesays.com\/de\/wp-json\/wp\/v2\/media?parent=1238644"}],"wp:term":[{"taxonomy":"category","embeddable":true,"href":"https:\/\/www.europesays.com\/de\/wp-json\/wp\/v2\/categories?post=1238644"},{"taxonomy":"post_tag","embeddable":true,"href":"https:\/\/www.europesays.com\/de\/wp-json\/wp\/v2\/tags?post=1238644"}],"curies":[{"name":"wp","href":"https:\/\/api.w.org\/{rel}","templated":true}]}}