{"id":1238689,"date":"2026-08-15T17:05:20","date_gmt":"2026-08-15T17:05:20","guid":{"rendered":"https:\/\/www.europesays.com\/de\/1238689\/"},"modified":"2026-08-15T17:05:20","modified_gmt":"2026-08-15T17:05:20","slug":"vergoldetes-comeback-kevric-erstmals-europameisterin-am-stufenbarren","status":"publish","type":"post","link":"https:\/\/www.europesays.com\/de\/1238689\/","title":{"rendered":"Vergoldetes Comeback: Kevric erstmals Europameisterin am Stufenbarren"},"content":{"rendered":"<p>            <img loading=\"lazy\" decoding=\"async\" class=\"ts-image\" src=\"https:\/\/www.europesays.com\/de\/wp-content\/uploads\/2026\/08\/swr-59334.jpg\" alt=\"Turnerin Helen Kevric am Stufenbarren bei der EM in Zagreb\" title=\"Turnerin Helen Kevric am Stufenbarren bei der EM in Zagreb | IMAGO, IMAGO \/ Pixsell\"\/><\/p>\n<p class=\"metatextline\">Stand: 15.08.2026 \u2022 18:08 Uhr<\/p>\n<p class=\"article-head__shorttext\">\n        <strong>Vor gut einem Jahr verletzte sich Helen Kevric schwer. Nun kr\u00f6nt die Stuttgarterin in Zagreb ihr internationales Comeback mit Stufenbarren-Gold.<\/strong>\n    <\/p>\n<p class=\"textabsatz m-ten m-offset-one l-eight l-offset-two columns twelve\">Helen Kevric hat ein glanzvolles Comeback auf der internationalen Turn-B\u00fchne gefeiert. Rund 15 Monate <a href=\"https:\/\/www.swr.de\/sport\/mehr-sport\/turnen-helen-kevric-vor-finals-2026-100.html\" title=\"nach ihrer schweren Knieverletzung\" class=\"textlink--extern\" target=\"_blank\" rel=\"noopener nofollow\">nach ihrer schweren Knieverletzung<\/a> gewann die 18 Jahre alte Stuttgarterin bei den Europameisterschaften in Zagreb Gold am Stufenbarren. F\u00fcr die Athletin vom MTV Stuttgart ist es die erste Einzelmedaille bei Europameisterschaften. &#8222;Ich bin gerade einfach nur \u00fcbergl\u00fccklich und so mit meiner Leistung zufrieden&#8220;, erkl\u00e4rte die 18-J\u00e4hrige im Interview mit SWR Sport.<\/p>\n<p>    Nachfolgerin von Elisabeth Seitz<\/p>\n<p class=\"textabsatz m-ten m-offset-one l-eight l-offset-two columns twelve\">F\u00fcr ihren tadellosen Vortrag erhielt die deutsche Meisterin 14,500 Punkte an ihrem Spezialger\u00e4t und kr\u00f6nte sich zur ersten deutschen Stufenbarren-Europameisterin seit Elisabeth Seitz 2022 in M\u00fcnchen. Zweite hinter der Olympia-Sechsten wurde Elisa Iorio aus Italien (14,333) vor deren Landsfrau Giulia Perotti (14,233).<\/p>\n<p>    R\u00fcckkehr nach schwerer Verletzung<\/p>\n<p class=\"textabsatz m-ten m-offset-one l-eight l-offset-two columns twelve\">Bei der Heim-EM im vorigen Jahr in Leipzig hatte Kevric sich schwer am linken Knie verletzt und <a href=\"https:\/\/www.swr.de\/sport\/mehr-sport\/helen-kevric-turnen-finals-102.html\" title=\"erst bei den deutschen Meisterschaften j\u00fcngst in Hannover ihr Comeback bei Titelk\u00e4mpfen gegeben.\" class=\"textlink--extern\" target=\"_blank\" rel=\"noopener nofollow\">erst bei den deutschen Meisterschaften j\u00fcngst in Hannover ihr Comeback bei Titelk\u00e4mpfen gegeben.<\/a> Bei der EM in Zagreb schloss sie die Qualifikation an ihrem Paradeger\u00e4t bereits als Beste ab und weckte Titel-Hoffnungen f\u00fcr das Finale.<\/p>\n<p>    Sch\u00f6nmaier \u00fcberzeugt mit Silber am Sprung<\/p>\n<p class=\"textabsatz m-ten m-offset-one l-eight l-offset-two columns twelve\">Kurz vor Kevrics Auftritt gewann Karina Sch\u00f6nmaier die erste Medaille f\u00fcr Deutschland bei dieser EM. Die 21 Jahre alte Chemnitzerin holte Silber am Sprung. Mit 14,066 Punkten im Schnitt f\u00fcr ihre zwei Spr\u00fcnge musste sich die Titelverteidigerin nur Mehrkampf-Europameisterin Angelina Melnikowa aus Russland geschlagen geben, die 14,166 Z\u00e4hler bekam. Sch\u00f6nmaier hatten im vorigen Jahr bei der Heim-EM in Leipzig Gold am Sprung gewonnen. Dritte wurde Lisa Vaelen aus Belgien.<\/p>\n<p>    Sch\u00e4fer-Betz verpasst Medaille knapp<\/p>\n<p class=\"textabsatz m-ten m-offset-one l-eight l-offset-two columns twelve\">Im Ger\u00e4tefinale am Schwebebalken landete die ehemalige Weltmeisterin Pauline Sch\u00e4fer-Betz (29) nach Abz\u00fcgen f\u00fcr eine zeitliche \u00dcberschreitung mit 13,633 Punkten auf Rang vier. Gold ging an Elena Colas aus Frankreich (13,933) vor Manila Esposito aus Italien (13,833). Angelina Melnikowa sicherte sich mit Bronze (13,700) ihre insgesamt dritte Medaille in Zagreb. F\u00fcr das Finale am Boden hat sich keine deutsche Starterin qualifiziert.<\/p>\n<p>    Medaillenhoffnungen auch im Team<\/p>\n<p class=\"textabsatz m-ten m-offset-one l-eight l-offset-two columns twelve\">Zum Abschluss der EM treten die Turnerinnen am Sonntag (ab 16.00 Uhr) im Teamfinale an. Deutschland qualifizierte sich als viertbeste Mannschaft hinter Russland, Italien und Gro\u00dfbritannien. 2025 gewannen sie Silber.<\/p>\n<p>                                        <a class=\"backlink__link\" href=\"https:\/\/www.swr.de\/sport\/mehr-sport\/turnen-helen-kevric-europameisterin-gold-stufenbarren-zagreb-100.html\" rel=\"nofollow noopener\" target=\"_blank\"><\/p>\n<p>                                                <img decoding=\"async\" src=\"https:\/\/images.sportschau.de\/image\/d14251d0-d158-4797-a47c-e97e1e58a56b\/AAABlap_vas\/AAABnR8VW9w\/original\/lra-swr-logo-100.svg\" alt=\"S\u00fcdwestrundfunk\"\/><\/p>\n<p>                                        <\/a><\/p>\n","protected":false},"excerpt":{"rendered":"Stand: 15.08.2026 \u2022 18:08 Uhr Vor gut einem Jahr verletzte sich Helen Kevric schwer. Nun kr\u00f6nt die Stuttgarterin&hellip;\n","protected":false},"author":2,"featured_media":1238690,"comment_status":"","ping_status":"","sticky":false,"template":"","format":"standard","meta":{"footnotes":"","_share_on_mastodon":"0"},"categories":[5],"tags":[331,332,3364,29,30,13,14,15,12,1755,27381],"class_list":["post-1238689","post","type-post","status-publish","format-standard","has-post-thumbnail","category-nachrichten","tag-aktuelle-nachrichten","tag-aktuelle-news","tag-de","tag-deutschland","tag-germany","tag-headlines","tag-nachrichten","tag-news","tag-schlagzeilen","tag-swr","tag-turnen"],"share_on_mastodon":{"url":"","error":""},"_links":{"self":[{"href":"https:\/\/www.europesays.com\/de\/wp-json\/wp\/v2\/posts\/1238689","targetHints":{"allow":["GET"]}}],"collection":[{"href":"https:\/\/www.europesays.com\/de\/wp-json\/wp\/v2\/posts"}],"about":[{"href":"https:\/\/www.europesays.com\/de\/wp-json\/wp\/v2\/types\/post"}],"author":[{"embeddable":true,"href":"https:\/\/www.europesays.com\/de\/wp-json\/wp\/v2\/users\/2"}],"replies":[{"embeddable":true,"href":"https:\/\/www.europesays.com\/de\/wp-json\/wp\/v2\/comments?post=1238689"}],"version-history":[{"count":0,"href":"https:\/\/www.europesays.com\/de\/wp-json\/wp\/v2\/posts\/1238689\/revisions"}],"wp:featuredmedia":[{"embeddable":true,"href":"https:\/\/www.europesays.com\/de\/wp-json\/wp\/v2\/media\/1238690"}],"wp:attachment":[{"href":"https:\/\/www.europesays.com\/de\/wp-json\/wp\/v2\/media?parent=1238689"}],"wp:term":[{"taxonomy":"category","embeddable":true,"href":"https:\/\/www.europesays.com\/de\/wp-json\/wp\/v2\/categories?post=1238689"},{"taxonomy":"post_tag","embeddable":true,"href":"https:\/\/www.europesays.com\/de\/wp-json\/wp\/v2\/tags?post=1238689"}],"curies":[{"name":"wp","href":"https:\/\/api.w.org\/{rel}","templated":true}]}}