{"id":1238745,"date":"2026-08-15T17:35:19","date_gmt":"2026-08-15T17:35:19","guid":{"rendered":"https:\/\/www.europesays.com\/de\/1238745\/"},"modified":"2026-08-15T17:35:19","modified_gmt":"2026-08-15T17:35:19","slug":"maschine-kehrt-nach-start-am-muenchner-flughafen-um","status":"publish","type":"post","link":"https:\/\/www.europesays.com\/de\/1238745\/","title":{"rendered":"Maschine kehrt nach Start am M\u00fcnchner Flughafen um"},"content":{"rendered":"<p>Kurz nach dem Abheben ist ein Flugzeug zum M\u00fcnchner Flughafen zur\u00fcckgekehrt. Dort sind Sch\u00e4den an der Maschine festgestellt worden.<\/p>\n<p><a href=\"https:\/\/www.onetz.de\/f\/ic\/ga-large\/articlemedia\/2026\/08\/15\/5e101913-ae75-419d-ae6f-14b7c00f57c1.jpg\" class=\"ps-item\" data-psg=\"https:\/\/www.onetz.de\/deutschland-welt\/muenchen\/1\" data-size=\"960x641\" data-caption=\"&lt;div&gt;Bild: Uwe Lorz\/dpa&lt;\/div&gt;Eine Maschine von Vietnam Airlines ist nach dem Start in M\u00fcnchen wegen Sch\u00e4den an Reifen und Fahrwerk sicher zur\u00fcckgekehrt.\" rel=\"nofollow noopener\" target=\"_blank\"><img loading=\"lazy\" decoding=\"async\" src=\"https:\/\/www.europesays.com\/de\/wp-content\/uploads\/2026\/08\/5e101913-ae75-419d-ae6f-14b7c00f57c1.jpg\" alt=\"Eine Maschine von Vietnam Airlines ist nach dem Start in M\u00fcnchen wegen Sch\u00e4den an Reifen und Fahrwerk sicher zur\u00fcckgekehrt. Bild: Uwe Lorz\/dpa\" title=\"\" width=\"805\" height=\"453\" class=\"img-responsive\"\/><\/a><\/p>\n<p>Eine Maschine von Vietnam Airlines ist nach dem Start in M\u00fcnchen wegen Sch\u00e4den an Reifen und Fahrwerk sicher zur\u00fcckgekehrt.<\/p>\n<p>Bild: Uwe Lorz\/dpa<\/p>\n<p>Eine Maschine der Vietnam Airlines ist kurz nach ihrem Start vom M\u00fcnchner Flughafen dort wieder gelandet. Es seien Sch\u00e4den an Reifen und Fahrwerk festgestellt worden, sagte ein Flughafensprecher. Die Ursache sei unklar. Weil die defekte Maschine nun abgeschleppt werden m\u00fcsse, sei die n\u00f6rdliche Start- und Landebahn vor\u00fcbergehend gesperrt. Von dort geplante Fl\u00fcge w\u00fcrden auf die s\u00fcdliche Bahn verlegt. Es k\u00f6nne zu Versp\u00e4tungen kommen, sagte der Sprecher.<\/p>\n<p>Das Flugzeug der Vietnam Airlines sei planm\u00e4\u00dfig f\u00fcr seinen Flug nach Hanoi am Nachmittag auf die s\u00fcdliche Bahn gerollt, habe dann aber ungew\u00f6hnlich lange gebraucht, bis es abgehoben sei, erl\u00e4uterte der Flughafensprecher. Wenig sp\u00e4ter sei die Maschine umgedreht und sicher wieder gelandet. Wie es zu den Sch\u00e4den gekommen sei, sei unklar. Ein Vertreter der Bundesstelle f\u00fcr Flugunfalluntersuchung sei hinzugezogen worden.<\/p>\n<p>Die Passagiere seien auf dem Rollfeld aus der Maschine ausgestiegen und in das Flughafengeb\u00e4ude zur\u00fcckgebracht worden. Verletzte gebe es nicht.<\/p>\n<p>\u00a9 dpa-infocom, dpa:260815-930-535428\/1<\/p>\n","protected":false},"excerpt":{"rendered":"Kurz nach dem Abheben ist ein Flugzeug zum M\u00fcnchner Flughafen zur\u00fcckgekehrt. Dort sind Sch\u00e4den an der Maschine festgestellt&hellip;\n","protected":false},"author":2,"featured_media":1238746,"comment_status":"","ping_status":"","sticky":false,"template":"","format":"standard","meta":{"footnotes":"","_share_on_mastodon":"0"},"categories":[1827],"tags":[3613,772,29,7488,30,1268,7489,7490],"class_list":["post-1238745","post","type-post","status-publish","format-standard","has-post-thumbnail","category-muenchen","tag-auto-und-verkehr","tag-bayern","tag-deutschland","tag-dpa","tag-germany","tag-muenchen","tag-region-bayern","tag-vermischtes"],"share_on_mastodon":{"url":"https:\/\/pubeurope.com\/@de\/117100737389684054","error":""},"_links":{"self":[{"href":"https:\/\/www.europesays.com\/de\/wp-json\/wp\/v2\/posts\/1238745","targetHints":{"allow":["GET"]}}],"collection":[{"href":"https:\/\/www.europesays.com\/de\/wp-json\/wp\/v2\/posts"}],"about":[{"href":"https:\/\/www.europesays.com\/de\/wp-json\/wp\/v2\/types\/post"}],"author":[{"embeddable":true,"href":"https:\/\/www.europesays.com\/de\/wp-json\/wp\/v2\/users\/2"}],"replies":[{"embeddable":true,"href":"https:\/\/www.europesays.com\/de\/wp-json\/wp\/v2\/comments?post=1238745"}],"version-history":[{"count":0,"href":"https:\/\/www.europesays.com\/de\/wp-json\/wp\/v2\/posts\/1238745\/revisions"}],"wp:featuredmedia":[{"embeddable":true,"href":"https:\/\/www.europesays.com\/de\/wp-json\/wp\/v2\/media\/1238746"}],"wp:attachment":[{"href":"https:\/\/www.europesays.com\/de\/wp-json\/wp\/v2\/media?parent=1238745"}],"wp:term":[{"taxonomy":"category","embeddable":true,"href":"https:\/\/www.europesays.com\/de\/wp-json\/wp\/v2\/categories?post=1238745"},{"taxonomy":"post_tag","embeddable":true,"href":"https:\/\/www.europesays.com\/de\/wp-json\/wp\/v2\/tags?post=1238745"}],"curies":[{"name":"wp","href":"https:\/\/api.w.org\/{rel}","templated":true}]}}