{"id":1238812,"date":"2026-08-15T18:19:16","date_gmt":"2026-08-15T18:19:16","guid":{"rendered":"https:\/\/www.europesays.com\/de\/1238812\/"},"modified":"2026-08-15T18:19:16","modified_gmt":"2026-08-15T18:19:16","slug":"kubanischer-profitaenzer-yoan-padilla-vermittelt-salsa-kultur-in-bielefeld","status":"publish","type":"post","link":"https:\/\/www.europesays.com\/de\/1238812\/","title":{"rendered":"Kubanischer Profit\u00e4nzer Yoan Padilla vermittelt Salsa-Kultur in Bielefeld"},"content":{"rendered":"<p class=\"&#10;      nw-text-base&#10;      nw-text-gray-500&#10;      nw-font-medium&#10;    \">\n        Lateinamerikanische T\u00e4nze\n    <\/p>\n<p>                Kubanischer Profit\u00e4nzer Yoan Padilla vermittelt Salsa-Kultur in Bielefeld<\/p>\n<p class=\"nw-text-lg nw-text-black md:nw-w-5\/6 nw-pb-7\">\n                Der T\u00e4nzer aus Havanna baut eine neue Salsa-Schule auf, in der auch Son, Mambo, Rumba und andere kubanische T\u00e4nze eine Rolle spielen. Er erkl\u00e4rt, warum Salsa gut ist f\u00fcr K\u00f6rper, Kopf und Seele.\n            <\/p>\n<p class=\"nw-text-base nw-font-bold nw-text-gray-600 dark:nw-text-white nw-mb-0 nw-leading-snug\">\n                    Mehr Nachrichten aus OWL in Ihren Suchergebnissen\n                <\/p>\n<p class=\"nw-text-base nw-text-gray-400 dark:nw-text-white\/60 nw-mb-0 nw-mt-1.5 nw-leading-snug\">\n                    Legen Sie NW.de als bevorzugte Quelle fest.\n                <\/p>\n<p>            <a href=\"https:\/\/google.com\/preferences\/source?q=nw.de\" target=\"_blank\" rel=\"noopener noreferrer nofollow\" aria-label=\"NW.de bei Google als bevorzugte Nachrichtenquelle festlegen \u2013 \u00f6ffnet Google-Einstellungen in einem neuen Tab\" data-track=\"matomo\" data-track-category=\"preferred_source\" data-track-action=\"click\" data-track-name=\"preferred_source_google_click\" class=\"nw-flex nw-items-center nw-justify-center nw-w-full sm:nw-w-auto sm:nw-self-center sm:nw-shrink-0&#010;            nw-rounded-full nw-border nw-border-transparent&#010;            nw-bg-red-0&#010;            nw-shadow-sm&#010;            nw-px-5 nw-h-12 sm:nw-h-11 nw-text-base nw-font-semibold&#010;            nw-text-white&#010;            hover:nw-bg-red-100 hover:nw-shadow&#010;            focus-visible:nw-outline-2 focus-visible:nw-outline-offset-2 focus-visible:nw-outline-hk-blue-200 dark:focus-visible:nw-outline-white&#010;            nw-transition-all motion-reduce:nw-transition-none\"><br \/>\n                Bei Google hinzuf\u00fcgen<br \/>\n            <\/a><\/p>\n","protected":false},"excerpt":{"rendered":"Lateinamerikanische T\u00e4nze Kubanischer Profit\u00e4nzer Yoan Padilla vermittelt Salsa-Kultur in Bielefeld Der T\u00e4nzer aus Havanna baut eine neue Salsa-Schule&hellip;\n","protected":false},"author":2,"featured_media":1238813,"comment_status":"","ping_status":"","sticky":false,"template":"","format":"standard","meta":{"footnotes":"","_share_on_mastodon":"0"},"categories":[1841],"tags":[1605,102818,12960,3364,29,553,30,12961,4047,15407,10124,16401,198715,736,164252,9312,16362,1209,207602,256896,256897],"class_list":["post-1238812","post","type-post","status-publish","format-standard","has-post-thumbnail","category-bielefeld","tag-bielefeld","tag-cnt_aufmacher","tag-cuba","tag-de","tag-deutschland","tag-familie","tag-germany","tag-havanna","tag-kuba","tag-label_fotostrecken","tag-label_video","tag-label_xxl-200","tag-meta_artikelklasse_nische","tag-meta_copyrights_nw","tag-meta_eo_zusammenfassung","tag-meta_themen_familie_bildung_freizeit","tag-meta_userneeds_inspirieremich","tag-nordrhein-westfalen","tag-rumba","tag-via-danza","tag-yoan-padilla"],"share_on_mastodon":{"url":"https:\/\/pubeurope.com\/@de\/117100910038725697","error":""},"_links":{"self":[{"href":"https:\/\/www.europesays.com\/de\/wp-json\/wp\/v2\/posts\/1238812","targetHints":{"allow":["GET"]}}],"collection":[{"href":"https:\/\/www.europesays.com\/de\/wp-json\/wp\/v2\/posts"}],"about":[{"href":"https:\/\/www.europesays.com\/de\/wp-json\/wp\/v2\/types\/post"}],"author":[{"embeddable":true,"href":"https:\/\/www.europesays.com\/de\/wp-json\/wp\/v2\/users\/2"}],"replies":[{"embeddable":true,"href":"https:\/\/www.europesays.com\/de\/wp-json\/wp\/v2\/comments?post=1238812"}],"version-history":[{"count":0,"href":"https:\/\/www.europesays.com\/de\/wp-json\/wp\/v2\/posts\/1238812\/revisions"}],"wp:featuredmedia":[{"embeddable":true,"href":"https:\/\/www.europesays.com\/de\/wp-json\/wp\/v2\/media\/1238813"}],"wp:attachment":[{"href":"https:\/\/www.europesays.com\/de\/wp-json\/wp\/v2\/media?parent=1238812"}],"wp:term":[{"taxonomy":"category","embeddable":true,"href":"https:\/\/www.europesays.com\/de\/wp-json\/wp\/v2\/categories?post=1238812"},{"taxonomy":"post_tag","embeddable":true,"href":"https:\/\/www.europesays.com\/de\/wp-json\/wp\/v2\/tags?post=1238812"}],"curies":[{"name":"wp","href":"https:\/\/api.w.org\/{rel}","templated":true}]}}