{"id":1238926,"date":"2026-08-15T19:32:17","date_gmt":"2026-08-15T19:32:17","guid":{"rendered":"https:\/\/www.europesays.com\/de\/1238926\/"},"modified":"2026-08-15T19:32:17","modified_gmt":"2026-08-15T19:32:17","slug":"anwohner-koennen-zurueck-nrw-innenminister-gibt-idioten-schuld-am-waldbrand","status":"publish","type":"post","link":"https:\/\/www.europesays.com\/de\/1238926\/","title":{"rendered":"Anwohner k\u00f6nnen zur\u00fcck\u00a0: NRW-Innenminister gibt &#8222;Idioten&#8220; Schuld am Waldbrand\u00a0"},"content":{"rendered":"<p>Anwohner k\u00f6nnen zur\u00fcck\u00a0NRW-Innenminister gibt &#8222;Idioten&#8220; Schuld am Waldbrand\u00a0<\/p>\n<p>15.08.2026, 16:56 Uhr <\/p>\n<p>Artikel anh\u00f6ren(05:43 min)<\/p>\n<p><img decoding=\"async\" class=\"Image_img__fQCi0 Image_Img_16_9__4BLfH widget-picture-inline_maximizable__t_E7h\" loading=\"eager\" fetchpriority=\"high\" src=\"https:\/\/www.europesays.com\/de\/wp-content\/uploads\/2026\/08\/Die-Aufnahme-aus-einem-Flugzeug-zeigt-das-Waldbrandgebiet-im-Huertgenwald-Mehrere-Hundert-Hektar-Wal.webp\" alt=\"Die-Aufnahme-aus-einem-Flugzeug-zeigt-das-Waldbrandgebiet-im-Huertgenwald-Mehrere-Hundert-Hektar-Waldflaeche-stehen-im-Huertgenwald-in-Flammen\"\/>Der Blick aus einem Flugzeug zeigt das Waldbrandgebiet im H\u00fcrtgenwald. (Foto: picture alliance\/dpa)<\/p>\n<p class=\"Typography_text-m__XI0da Typography_weight-bold__uT6mq storyline_lead_text_leadtext__q_wg8\">Es ist ein enormer Kraftakt: Hunderte Feuerwehrleute k\u00e4mpfen rund um die Uhr gegen den gr\u00f6\u00dften Waldbrand, den Nordrhein-Westfalen je gesehen hat. Die Beh\u00f6rden vermuten, dass menschliches Fehlverhalten das Inferno ausgel\u00f6st hat. Derweil k\u00f6nnen 1800 Anwohner nach Gey zur\u00fcckkehren.<\/p>\n<p class=\"Typography_text-default__P3otY Typography_weight-normal__pqUbH storyline_paragraph_p__qSR5N\">Nordrhein-Westfalens Innenminister Herbert Reul geht davon aus, dass der gro\u00dfe Brand im H\u00fcrtgenwald von Menschen verursacht wurde. &#8222;Das Feuer ist entstanden durch irgendeinen Idioten, irgendein Idiot hat das Feuer verursacht&#8220;, sagte\u00a0der CDU-Politiker\u00a0bei einem Besuch der Einsatzkr\u00e4fte vor Ort. &#8222;Darum muss man nachdenken, wie verantwortungslos die Leute in der Gegend rumrennen und einfach irgendwas wegwerfen. Das ist das eigentliche Problem.&#8220;\u00a0<\/p>\n<p class=\"Typography_text-default__P3otY Typography_weight-normal__pqUbH storyline_paragraph_p__qSR5N\">Einen Waldbrand wie im H\u00fcrtgenwald habe er noch nicht gesehen, sagte der CDU-Politiker: &#8222;Es ist ein Riesenfeuer.&#8220; Reul dankte den Einsatzkr\u00e4ften aus Bund und L\u00e4ndern sowie den Freiwilligen f\u00fcr ihren Einsatz. &#8222;1400 Leute aus Bund und L\u00e4ndern, alle helfen mit &#8211; ich finde das grandios&#8220;, sagte er. &#8222;Es ist doch ein Hammer zu erleben, wie viel Bereitschaft in unserem Bundesland ist, sich untereinander zu helfen.&#8220;\u00a0<\/p>\n<p><img decoding=\"async\" class=\"Image_img__fQCi0 Image_Img_16_9__4BLfH widget-picture-inline_maximizable__t_E7h\" loading=\"lazy\" src=\"https:\/\/www.n-tv.de\/logo_grey.svg\" alt=\"Herbert-Reul-l-CDU-Innenminister-von-Nordrhein-Westfalen-spricht-mit-dem-Martin-Niessen-von-der-Freiwilligen-Feuerwehr-Vossenack-bei-seinem-Besuch-im-Waldbrandgebiet-im-Huertgenwald-Beim-Waldbrand-im-Huertgenwald-stehen-mehrere-Hundert-Hektar-Waldflaeche-in-Flammen\"\/>NRW-Innenminister Herbert Reul (l) spricht mit Martin Nie\u00dfen von der Freiwilligen Feuerwehr Vossenack bei seinem Besuch im Waldbrandgebiet. (Foto: picture alliance\/dpa)<\/p>\n<p class=\"Typography_text-default__P3otY Typography_weight-normal__pqUbH storyline_paragraph_p__qSR5N\">Mit Ver\u00e4rgerung reagierte Reul auf Kritik an der Organisation der Ma\u00dfnahmen und die Forderung nach L\u00f6schflugzeugen. &#8222;Diese M\u00e4keleien &#8211; ich habe keine Lust mehr darauf&#8220;, wetterte der Minister. &#8222;Bitte N\u00f6rgeln nachher. Ende, aus. Die Leute interessiert, ob wir deren H\u00e4usern sichern k\u00f6nnen. Das andere ist denen vollkommen wurscht. Und die Frage von Flugzeugen, das hab&#8216; ich schon zehnmal diskutiert. Das ist nicht so einfach in unserem Bundesland, da wir keine gro\u00dfen Fl\u00e4chen haben, wo getankt werden kann. Das ist so blau\u00e4ugig wie noch was.&#8220;\u00a0<\/p>\n<p>Ministerin: &#8222;Bleiben Sie bitte aus den W\u00e4ldern raus&#8220;\u00a0\u00a0<\/p>\n<p class=\"Typography_text-default__P3otY Typography_weight-normal__pqUbH storyline_paragraph_p__qSR5N\">Auch die nordrhein-westf\u00e4lische Landwirtschaftsministerin Silke Gori\u00dfen h\u00e4lt menschliches Fehlverhalten als Ausl\u00f6ser des Gro\u00dfbrandes im H\u00fcrtgenwald f\u00fcr m\u00f6glich. &#8222;Es l\u00e4sst sich jedenfalls nicht ausschlie\u00dfen&#8220;, sagte die CDU-Politikerin im Deutschlandfunk. &#8222;Wir sehen durchaus, wenn verschiedene Brandstellen relativ gleichzeitig oder in enger Abfolge hochkommen, dass einiges\u00a0daf\u00fcr sprechen\u00a0k\u00f6nnte.&#8220; Wie belastbar dies sei, k\u00f6nne man jetzt nicht sagen.\u00a0<\/p>\n<p class=\"Typography_text-default__P3otY Typography_weight-normal__pqUbH storyline_paragraph_p__qSR5N\">Die Ministerin warnte\u00a0eindringlich vor dem Betreten von W\u00e4ldern. &#8222;Bleiben Sie bitte einfach aus den W\u00e4ldern raus&#8220;, appellierte die Ministerin im Deutschlandfunk. Sie verwies darauf, dass &#8222;fast hundert Prozent der Waldbr\u00e4nde menschengemacht&#8220; seien &#8211; durch Unachtsamkeit oder auch durch Bandstiftung. Es werde gepr\u00fcft, ein beh\u00f6rdliches Betretungsverbot f\u00fcr die brandgef\u00e4hrdeten W\u00e4lder auszusprechen.\u00a0<\/p>\n<p class=\"Typography_text-default__P3otY Typography_weight-normal__pqUbH storyline_paragraph_p__qSR5N\">Oft reiche schon eine &#8222;weggeworfene Klippe&#8220;, um einen Waldbrand auszul\u00f6sen &#8211; insbesondere, weil die extreme Trockenheit als Brandbeschleuniger wirke, sagte Gori\u00dfen. Die Br\u00e4nde im H\u00fcrtgenwald h\u00e4tten ein &#8222;ganz neues und noch nicht in unserer Erinnerung da gewesenes Ausma\u00df&#8220; erreicht.\u00a0<\/p>\n<p class=\"Typography_text-default__P3otY Typography_weight-normal__pqUbH storyline_paragraph_p__qSR5N\">Gute Nachrichten gab es am Samstagabend f\u00fcr die Bewohner des Ortsteils Gey in H\u00fcrtgenwald &#8211; sie d\u00fcrfen in ihre H\u00e4user zur\u00fcck. Das hat der Landrat des Kreises D\u00fcren entschieden. Die 1800 Bewohner hatten in der Nacht auf Freitag wegen das Gebiet verlassen m\u00fcssen. Die Flammen waren bis auf 250 Meter an Grundst\u00fccke heranger\u00fcckt. <\/p>\n<p class=\"Typography_text-default__P3otY Typography_weight-normal__pqUbH storyline_paragraph_p__qSR5N\">Beim Kampf gegen den gr\u00f6\u00dften Waldbrand in der Geschichte von Nordrhein-Westfalen gibt es offensichtlich weiteren Fortschritt. Am fr\u00fchen Abend wurde der Einsatz von Hubschraubern zur Brandbek\u00e4mpfung eingestellt. Es gebe aktuell keinen Bedarf mehr, sagte eine Sprecherin des Kreises D\u00fcren zur Begr\u00fcndung.<\/p>\n<p>W\u00fcst spricht von stabilisierter Lage<\/p>\n<p class=\"Typography_text-default__P3otY Typography_weight-normal__pqUbH storyline_paragraph_p__qSR5N\">Nordrhein-Westfalens Ministerpr\u00e4sident Hendrik W\u00fcst zeigte sich mit Blick auf die Bek\u00e4mpfung des Waldbrands im H\u00fcrtgenwald zuversichtlich. Es sei in der letzten Nacht gelungen, dass die Lage stabilisiert wurde, sagte der CDU-Politiker bei einem Besuch im Brandgebiet am Nachmittag. &#8222;Es besteht jetzt erste Hoffnung, dass der Brand unter Kontrolle gebracht werden kann. <\/p>\n<p class=\"Typography_text-default__P3otY Typography_weight-normal__pqUbH storyline_paragraph_p__qSR5N\">Die Feuerwehr hatte bereits zuvor\u00a0von Fortschritten bei der\u00a0Brandbek\u00e4mpfung\u00a0gesprochen. Am Nachmittag setzte leichter Regen ein, was die L\u00f6scharbeiten beg\u00fcnstigen d\u00fcrfte.\u00a0Aber es gibt noch einen Unsicherheitsfaktor: &#8222;Wir haben einen frischen b\u00f6igen Wind hier im H\u00fcrtgenwald, das k\u00f6nnte nochmal so ein Punkt sein&#8220;, sagte Feuerwehrsprecher Peter Berndgen.\u00a0<\/p>\n<p class=\"Typography_text-default__P3otY Typography_weight-normal__pqUbH storyline_paragraph_p__qSR5N\">Seit Donnerstagnachmittag k\u00e4mpfen bei dem Ort in der Eifel an der Grenze zu Belgien Hunderte Einsatzkr\u00e4fte gegen die Flammen.\u00a0Nach Angaben des Kreises D\u00fcren sind etwa 300 Hektar Wald von dem Brand betroffen.\u00a0Durch den Brand gab es bisher f\u00fcnf Verletzte, darunter vier Einsatzkr\u00e4fte.\u00a0<\/p>\n<p class=\"Typography_text-default__P3otY Typography_weight-normal__pqUbH storyline_paragraph_p__qSR5N\">Der D\u00fcrener Landrat Ralf Nolten\u00a0zeigte sich\u00a0&#8222;sehr, sehr zuversichtlich&#8220;, dass der evakuierte Ortsteil Gey bald wieder freigegeben k\u00f6nne. Allerdings sage der Wetterdienst noch eine Gewitterzelle mit Sturmb\u00f6en voraus. Hier m\u00fcsse man die Entwicklung noch abwarten, so Nolten. &#8222;Das Fatalste, was wir machen k\u00f6nnten, w\u00e4re, dass wir sagen: Ihr k\u00f6nnt zur\u00fcck! Und dann kommt die Gewitterzelle, und dann sagen wir anschlie\u00dfend: Nee, ihr m\u00fcsst doch bis morgen warten.&#8220;\u00a0<\/p>\n<p class=\"Typography_text-s__wu_cm Typography_weight-normal__pqUbH Typography_color-darkgrey__sZEnP article-detail-footer_source__KslPc\">Quelle: ntv.de, hul\/dpa\/AFP<\/p>\n","protected":false},"excerpt":{"rendered":"Anwohner k\u00f6nnen zur\u00fcck\u00a0NRW-Innenminister gibt &#8222;Idioten&#8220; Schuld am Waldbrand\u00a0 15.08.2026, 16:56 Uhr Artikel anh\u00f6ren(05:43 min) Der Blick aus einem&hellip;\n","protected":false},"author":2,"featured_media":1238927,"comment_status":"","ping_status":"","sticky":false,"template":"","format":"standard","meta":{"footnotes":"","_share_on_mastodon":"0"},"categories":[2],"tags":[29,985,30,13,3682,15016,984,14,15,1209,12,10,8,9,11,6448],"class_list":["post-1238926","post","type-post","status-publish","format-standard","has-post-thumbnail","category-deutschland","tag-deutschland","tag-feuerwehr","tag-germany","tag-headlines","tag-hendrik-wuest","tag-herbert-reul","tag-international","tag-nachrichten","tag-news","tag-nordrhein-westfalen","tag-schlagzeilen","tag-top-news","tag-top-meldungen","tag-topmeldungen","tag-topnews","tag-waldbraende"],"share_on_mastodon":{"url":"https:\/\/pubeurope.com\/@de\/117101197099180922","error":""},"_links":{"self":[{"href":"https:\/\/www.europesays.com\/de\/wp-json\/wp\/v2\/posts\/1238926","targetHints":{"allow":["GET"]}}],"collection":[{"href":"https:\/\/www.europesays.com\/de\/wp-json\/wp\/v2\/posts"}],"about":[{"href":"https:\/\/www.europesays.com\/de\/wp-json\/wp\/v2\/types\/post"}],"author":[{"embeddable":true,"href":"https:\/\/www.europesays.com\/de\/wp-json\/wp\/v2\/users\/2"}],"replies":[{"embeddable":true,"href":"https:\/\/www.europesays.com\/de\/wp-json\/wp\/v2\/comments?post=1238926"}],"version-history":[{"count":0,"href":"https:\/\/www.europesays.com\/de\/wp-json\/wp\/v2\/posts\/1238926\/revisions"}],"wp:featuredmedia":[{"embeddable":true,"href":"https:\/\/www.europesays.com\/de\/wp-json\/wp\/v2\/media\/1238927"}],"wp:attachment":[{"href":"https:\/\/www.europesays.com\/de\/wp-json\/wp\/v2\/media?parent=1238926"}],"wp:term":[{"taxonomy":"category","embeddable":true,"href":"https:\/\/www.europesays.com\/de\/wp-json\/wp\/v2\/categories?post=1238926"},{"taxonomy":"post_tag","embeddable":true,"href":"https:\/\/www.europesays.com\/de\/wp-json\/wp\/v2\/tags?post=1238926"}],"curies":[{"name":"wp","href":"https:\/\/api.w.org\/{rel}","templated":true}]}}