{"id":1238959,"date":"2026-08-15T19:55:16","date_gmt":"2026-08-15T19:55:16","guid":{"rendered":"https:\/\/www.europesays.com\/de\/1238959\/"},"modified":"2026-08-15T19:55:16","modified_gmt":"2026-08-15T19:55:16","slug":"anhaltende-trockenheit-sorgt-fuer-hohe-waldbrandgefahr-in-wuppertal-blickfeld","status":"publish","type":"post","link":"https:\/\/www.europesays.com\/de\/1238959\/","title":{"rendered":"Anhaltende Trockenheit sorgt f\u00fcr hohe Waldbrandgefahr in Wuppertal &#8211; blickfeld"},"content":{"rendered":"<p class=\"wp-block-paragraph\">In den W\u00e4ldern herrsche zurzeit eine <strong>hohe Waldbrandgefahr<\/strong>. Die <strong>Forstabteilung der Stadt Wuppertal<\/strong> und die <strong>Forstbetriebsgemeinschaft Wuppertal<\/strong> rufen deshalb alle Menschen auf, die <strong>Regeln im Wald<\/strong> einzuhalten.<\/p>\n<p>Bereits ein einzelner Funke reicht aus<\/p>\n<p class=\"wp-block-paragraph\">Vom <strong>1. M\u00e4rz bis zum 31. Oktober<\/strong> gilt in den <strong>W\u00e4ldern von Nordrhein-Westfalen<\/strong> ein allgemeines <strong>Rauchverbot<\/strong>. Wer bei der aktuellen Trockenheit raucht, handelt nicht nur gesetzwidrig, sondern riskiert auch ein Feuer. Trotzdem w\u00fcrden <strong>F\u00f6rster:innen und Waldbesitzer:innen<\/strong> immer wieder auf Personen treffen, die diese <strong>Gefahr <\/strong>untersch\u00e4tzen w\u00fcrden. <\/p>\n<p class=\"wp-block-paragraph\">Ebenso gef\u00e4hrlich sind <strong>Grillfeuer und Lagerfeuer<\/strong>: Bereits ein einzelner Funke reicht aus, um trockenes Laub oder Gras rasch zu entz\u00fcnden. Auch <strong>Autofahrer:innen<\/strong> m\u00fcssen aufpassen: Niemand sollte ein <strong>Fahrzeug auf trockenem Gras<\/strong> abstellen, da hei\u00dfe Katalysatoren oder andere erhitzte Teile leicht ein Feuer ausl\u00f6sen k\u00f6nnen.<\/p>\n<p>Unterst\u00fctze die CampusZeitung blickfeld<\/p>\n<p><strong>Schon ein kleiner Beitrag hilft uns, unseren Job noch besser zu machen!<\/strong> So kannst du uns unterst\u00fctzen:<\/p>\n<p>Abo per <a class=\"gofollow\" data-track=\"MTIsMCwxMA==\" href=\"https:\/\/steadyhq.com\/de\/blickfeld-wuppertal\" rel=\"noopener noreferrer nofollow\" target=\"_blank\">Steady<\/a>, <a class=\"gofollow\" data-track=\"MTIsMCwxMA==\" href=\"https:\/\/www.paypal.me\/blickfeldwtal\" rel=\"noopener noreferrer nofollow\" target=\"_blank\">Einmalzahlung<\/a> oder <a class=\"gofollow\" data-track=\"MTIsMCwxMA==\" href=\"https:\/\/www.blickfeld-wuppertal.de\/anzeigen-abo\/werbeanzeige-schalten\" rel=\"noopener noreferrer nofollow\" target=\"_blank\">Anzeige<\/a><\/p>\n<p>Damit wir unser Engagement ausbauen k\u00f6nnen, ist eure Unterst\u00fctzung gefragt &#8211; f\u00fcr mehr Recherchen und Berichte.<\/p>\n<p><strong>Ihr k\u00f6nnt uns mit einem monatlichen oder einmaligen Beitrag unterst\u00fctzen oder eine Anzeige schalten.<\/strong><\/p>\n<p><a class=\"gofollow\" data-track=\"MTIsMCwxMA==\" href=\"https:\/\/steadyhq.com\/de\/blickfeld-wuppertal\" rel=\"noopener noreferrer nofollow\" target=\"_blank\">Abo per Steady<\/a> | <a class=\"gofollow\" data-track=\"MTIsMCwxMA==\" href=\"https:\/\/www.paypal.me\/blickfeldwtal\" rel=\"noopener noreferrer nofollow\" target=\"_blank\">Einmalzahlung mit PayPal<\/a> | <a class=\"gofollow\" data-track=\"MTIsMCwxMA==\" href=\"https:\/\/www.blickfeld-wuppertal.de\/anzeigen-abo\/werbeanzeige-schalten\" rel=\"noopener noreferrer nofollow\" target=\"_blank\">Anzeige schalten<\/a><\/p>\n<p>Zur CampusZeitung blickfeld:<\/p>\n<p>Seit 2011 versorgen wir als <a class=\"gofollow\" data-track=\"MTIsMCwxMA==\" href=\"https:\/\/www.blickfeld-wuppertal.de\/ueber-uns\" rel=\"noopener noreferrer nofollow\" target=\"_blank\">unabh\u00e4ngiges Medium an der Bergischen Universit\u00e4t Wuppertal<\/a> die Studierenden, Mitarbeiter\/-innen und alle Interessierten aus dem Bergischen St\u00e4dtedreieck und dar\u00fcber hinaus mit Nachrichten vom Campus und aus dem Tal. Unsere <strong>Unabh\u00e4ngigkeit<\/strong> ist unsere st\u00e4rkste Eigenschaft. Wir sind weder eine Zeitung des Allgemeinen Studierendenausschusses (AStA) noch eine Publikation unter der Schirmherrschaft der Universit\u00e4t. Damit sind wir keinen fremden Interessen verpflichtet, k\u00f6nnen frei Themen w\u00e4hlen und dabei auch unbequem werden. <a class=\"gofollow\" data-track=\"MTIsMCwxMA==\" href=\"https:\/\/www.blickfeld-wuppertal.de\/ueber-uns\" rel=\"noopener noreferrer nofollow\" target=\"_blank\">Mehr \u00fcber uns &#8230;<\/a><\/p>\n<p>Wie hoch ist die Gefahr eines Waldbrands in Wuppertal?<\/p>\n<p class=\"wp-block-paragraph\">Dennoch beruhigen die <strong>st\u00e4dtischen Verantwortlichen<\/strong> die Bev\u00f6lkerung. Ein <strong>Katastrophenszenario <\/strong>wie bei den verheerenden <strong>Waldbr\u00e4nden in Frankreich<\/strong> drohe in Wuppertal nicht. Die <strong>heimischen W\u00e4lder<\/strong> best\u00fcnden \u00fcberwiegend aus Laubw\u00e4ldern und Laubmischw\u00e4ldern, die deutlich schwerer brennen w\u00fcrden als gro\u00dffl\u00e4chige Best\u00e4nde aus Kiefern oder Eukalyptus.<\/p>\n<p class=\"wp-block-paragraph\"><strong>Sebastian Rabe<\/strong> vom <strong>Ressort Gr\u00fcnfl\u00e4chen und Forsten<\/strong> betont jedoch: \u201eWir bitten alle Waldbesucherinnen und Waldbesucher eindringlich darum, auf <strong>offenes Feuer <\/strong>zu verzichten und Entstehungsbr\u00e4nde sofort der <strong>Feuerwehr <\/strong>zu melden.\u201c \u00bb<a href=\"https:\/\/www.blickfeld-wuppertal.de\/ueber-uns\/blickfeld-redaktion\" rel=\"nofollow noopener\" target=\"_blank\">red<\/a>\u00ab<\/p>\n","protected":false},"excerpt":{"rendered":"In den W\u00e4ldern herrsche zurzeit eine hohe Waldbrandgefahr. Die Forstabteilung der Stadt Wuppertal und die Forstbetriebsgemeinschaft Wuppertal rufen&hellip;\n","protected":false},"author":2,"featured_media":1238960,"comment_status":"","ping_status":"","sticky":false,"template":"","format":"standard","meta":{"footnotes":"","_share_on_mastodon":"0"},"categories":[1840],"tags":[3364,29,985,30,1209,16375,3931,383,4418],"class_list":["post-1238959","post","type-post","status-publish","format-standard","has-post-thumbnail","category-wuppertal","tag-de","tag-deutschland","tag-feuerwehr","tag-germany","tag-nordrhein-westfalen","tag-red","tag-sicherheit","tag-umwelt","tag-wuppertal"],"share_on_mastodon":{"url":"https:\/\/pubeurope.com\/@de\/117101286438010980","error":""},"_links":{"self":[{"href":"https:\/\/www.europesays.com\/de\/wp-json\/wp\/v2\/posts\/1238959","targetHints":{"allow":["GET"]}}],"collection":[{"href":"https:\/\/www.europesays.com\/de\/wp-json\/wp\/v2\/posts"}],"about":[{"href":"https:\/\/www.europesays.com\/de\/wp-json\/wp\/v2\/types\/post"}],"author":[{"embeddable":true,"href":"https:\/\/www.europesays.com\/de\/wp-json\/wp\/v2\/users\/2"}],"replies":[{"embeddable":true,"href":"https:\/\/www.europesays.com\/de\/wp-json\/wp\/v2\/comments?post=1238959"}],"version-history":[{"count":0,"href":"https:\/\/www.europesays.com\/de\/wp-json\/wp\/v2\/posts\/1238959\/revisions"}],"wp:featuredmedia":[{"embeddable":true,"href":"https:\/\/www.europesays.com\/de\/wp-json\/wp\/v2\/media\/1238960"}],"wp:attachment":[{"href":"https:\/\/www.europesays.com\/de\/wp-json\/wp\/v2\/media?parent=1238959"}],"wp:term":[{"taxonomy":"category","embeddable":true,"href":"https:\/\/www.europesays.com\/de\/wp-json\/wp\/v2\/categories?post=1238959"},{"taxonomy":"post_tag","embeddable":true,"href":"https:\/\/www.europesays.com\/de\/wp-json\/wp\/v2\/tags?post=1238959"}],"curies":[{"name":"wp","href":"https:\/\/api.w.org\/{rel}","templated":true}]}}