{"id":1238978,"date":"2026-08-15T20:12:19","date_gmt":"2026-08-15T20:12:19","guid":{"rendered":"https:\/\/www.europesays.com\/de\/1238978\/"},"modified":"2026-08-15T20:12:19","modified_gmt":"2026-08-15T20:12:19","slug":"eintracht-frankfurt-so-stehts-um-kapitaen-robin-koch-sport","status":"publish","type":"post","link":"https:\/\/www.europesays.com\/de\/1238978\/","title":{"rendered":"Eintracht Frankfurt: So steht&#8217;s um Kapit\u00e4n Robin Koch | Sport"},"content":{"rendered":"<p><b>Gro\u00dfe Sorge um Eintracht-Kapit\u00e4n Robin Koch (30)! Der Abwehrchef musste bei der 0:7-Testspiel-Pleite gegen Brentford noch vor der Pause verletzt vom Platz. Trainer Adi H\u00fctter (56) erkl\u00e4rt exklusiv gegen\u00fcber BILD, was mit seinem Kapit\u00e4n passiert ist. Wie es Koch jetzt geht und welche besondere Ma\u00dfnahme Eintracht nach dem Verletzungs-Schock ergreifen musste, erfahren Sie nur mit BILDplus.<\/b><\/p>\n","protected":false},"excerpt":{"rendered":"Gro\u00dfe Sorge um Eintracht-Kapit\u00e4n Robin Koch (30)! Der Abwehrchef musste bei der 0:7-Testspiel-Pleite gegen Brentford noch vor der&hellip;\n","protected":false},"author":2,"featured_media":1238979,"comment_status":"","ping_status":"","sticky":false,"template":"","format":"standard","meta":{"footnotes":"","_share_on_mastodon":"0"},"categories":[5],"tags":[331,332,299,3364,29,460,538,30,13,47664,466,7164,14,15,12,469],"class_list":["post-1238978","post","type-post","status-publish","format-standard","has-post-thumbnail","category-nachrichten","tag-aktuelle-nachrichten","tag-aktuelle-news","tag-bundesliga","tag-de","tag-deutschland","tag-eintracht-frankfurt","tag-erste-bundesliga","tag-germany","tag-headlines","tag-huetter-adi","tag-koch-robin","tag-kroesche-markus","tag-nachrichten","tag-news","tag-schlagzeilen","tag-sport-leuchtturm-zentral"],"share_on_mastodon":{"url":"https:\/\/pubeurope.com\/@de\/117101353183926146","error":""},"_links":{"self":[{"href":"https:\/\/www.europesays.com\/de\/wp-json\/wp\/v2\/posts\/1238978","targetHints":{"allow":["GET"]}}],"collection":[{"href":"https:\/\/www.europesays.com\/de\/wp-json\/wp\/v2\/posts"}],"about":[{"href":"https:\/\/www.europesays.com\/de\/wp-json\/wp\/v2\/types\/post"}],"author":[{"embeddable":true,"href":"https:\/\/www.europesays.com\/de\/wp-json\/wp\/v2\/users\/2"}],"replies":[{"embeddable":true,"href":"https:\/\/www.europesays.com\/de\/wp-json\/wp\/v2\/comments?post=1238978"}],"version-history":[{"count":0,"href":"https:\/\/www.europesays.com\/de\/wp-json\/wp\/v2\/posts\/1238978\/revisions"}],"wp:featuredmedia":[{"embeddable":true,"href":"https:\/\/www.europesays.com\/de\/wp-json\/wp\/v2\/media\/1238979"}],"wp:attachment":[{"href":"https:\/\/www.europesays.com\/de\/wp-json\/wp\/v2\/media?parent=1238978"}],"wp:term":[{"taxonomy":"category","embeddable":true,"href":"https:\/\/www.europesays.com\/de\/wp-json\/wp\/v2\/categories?post=1238978"},{"taxonomy":"post_tag","embeddable":true,"href":"https:\/\/www.europesays.com\/de\/wp-json\/wp\/v2\/tags?post=1238978"}],"curies":[{"name":"wp","href":"https:\/\/api.w.org\/{rel}","templated":true}]}}