{"id":1239030,"date":"2026-08-15T20:48:20","date_gmt":"2026-08-15T20:48:20","guid":{"rendered":"https:\/\/www.europesays.com\/de\/1239030\/"},"modified":"2026-08-15T20:48:20","modified_gmt":"2026-08-15T20:48:20","slug":"hessen-aus-im-playoff-halbfinale-muenchen-zu-stark-fuer-frankfurt-galaxy","status":"publish","type":"post","link":"https:\/\/www.europesays.com\/de\/1239030\/","title":{"rendered":"Hessen: Aus im Playoff-Halbfinale: M\u00fcnchen zu stark f\u00fcr Frankfurt Galaxy"},"content":{"rendered":"<p>            <img loading=\"lazy\" decoding=\"async\" class=\"ts-image\" src=\"https:\/\/www.europesays.com\/de\/wp-content\/uploads\/2026\/08\/hr-die-saison-fuer-die-frankfurt-galaxy-ist-beendet-102.jpg\" alt=\"Die Saison f\u00fcr die Frankfurt Galaxy ist beendet.\" title=\"Die Saison f\u00fcr die Frankfurt Galaxy ist beendet. | IMAGO\"\/><\/p>\n<p class=\"metatextline\">Stand: 15.08.2026 \u2022 21:27 Uhr<\/p>\n<p class=\"article-head__shorttext\">\n        <strong>Die Saison f\u00fcr die Frankfurt Galaxy ist beendet. Im Playoff-Halbfinale halten die Hessen gegen den Favoriten anfangs gut mit, letztlich aber ist doch nichts zu holen.<\/strong>\n    <\/p>\n<p class=\"textabsatz m-ten m-offset-one l-eight l-offset-two columns twelve\">Die Galaxy war zwischenzeitlich n\u00e4her dran als erwartet, am Ende aber hatten die Frankfurter Footballer vor eigenem Publikum am Bornheimer Hang dennoch keine ernsthafte Siegchance. Im Playoff-Halbfinale der vor dieser Saison neugegr\u00fcndeten European Football Alliance (EFA) verloren die Hessen vor rund 4.000 Fans mit 33:52 gegen die Munich Ravens. Der Au\u00dfenseiter aus Frankfurt ist damit ausgeschieden.<\/p>\n<p class=\"textabsatz m-ten m-offset-one l-eight l-offset-two columns twelve\">Dabei hielt die Galaxy in der ersten H\u00e4lfte gut mit, zeigte eine der besten Leistungen der vergangenen Wochen. Der R\u00fcckstand betrug lediglich drei P\u00fcnktchen. Im dritten Viertel aber zog der Favorit aus S\u00fcddeutschland davon, die Gegenwehr der Galaxy war dann recht schnell gebrochen. In der Schlussphase wurde es zwischen beiden Teams zunehmend ruppiger, der M\u00fcnchner Sieg ging dabei absolut in Ordnung.<\/p>\n<p>    Finale Ende August in Innsbruck<\/p>\n<p class=\"textabsatz m-ten m-offset-one l-eight l-offset-two columns twelve\">Die Ravens treffen im Finale am 29. August in Innsbruck entweder auf die Paris Musketeers oder Nordic Storm aus Kopenhagen. Das zweite Halbfinale wird am Sonntag (15 Uhr) ebenfalls in Frankfurt ausgetragen.<\/p>\n<p>                                        <a class=\"backlink__link\" href=\"https:\/\/www.hessenschau.de\/sport\/football\/aus-im-playoff-halbfinale-muenchen-zu-stark-fuer-frankfurt-galaxy-v1,galaxy-muenchen-116.html\" rel=\"nofollow noopener\" target=\"_blank\"><\/p>\n<p>                                                <img decoding=\"async\" src=\"https:\/\/images.tagesschau.de\/image\/d5dbef2b-a561-4a5d-8a3f-af75f4c80994\/AAABlap_bik\/AAABnR8VW9w\/original\/lra-hr-logo-100.svg\" alt=\"Hessischer Rundfunk\"\/><\/p>\n<p>                                        <\/a><\/p>\n","protected":false},"excerpt":{"rendered":"Stand: 15.08.2026 \u2022 21:27 Uhr Die Saison f\u00fcr die Frankfurt Galaxy ist beendet. Im Playoff-Halbfinale halten die Hessen&hellip;\n","protected":false},"author":2,"featured_media":1239031,"comment_status":"","ping_status":"","sticky":false,"template":"","format":"standard","meta":{"footnotes":"","_share_on_mastodon":"0"},"categories":[1827],"tags":[772,29,30,2052,12591,1268],"class_list":["post-1239030","post","type-post","status-publish","format-standard","has-post-thumbnail","category-muenchen","tag-bayern","tag-deutschland","tag-germany","tag-hessen","tag-hr","tag-muenchen"],"share_on_mastodon":{"url":"https:\/\/pubeurope.com\/@de\/117101497207985639","error":""},"_links":{"self":[{"href":"https:\/\/www.europesays.com\/de\/wp-json\/wp\/v2\/posts\/1239030","targetHints":{"allow":["GET"]}}],"collection":[{"href":"https:\/\/www.europesays.com\/de\/wp-json\/wp\/v2\/posts"}],"about":[{"href":"https:\/\/www.europesays.com\/de\/wp-json\/wp\/v2\/types\/post"}],"author":[{"embeddable":true,"href":"https:\/\/www.europesays.com\/de\/wp-json\/wp\/v2\/users\/2"}],"replies":[{"embeddable":true,"href":"https:\/\/www.europesays.com\/de\/wp-json\/wp\/v2\/comments?post=1239030"}],"version-history":[{"count":0,"href":"https:\/\/www.europesays.com\/de\/wp-json\/wp\/v2\/posts\/1239030\/revisions"}],"wp:featuredmedia":[{"embeddable":true,"href":"https:\/\/www.europesays.com\/de\/wp-json\/wp\/v2\/media\/1239031"}],"wp:attachment":[{"href":"https:\/\/www.europesays.com\/de\/wp-json\/wp\/v2\/media?parent=1239030"}],"wp:term":[{"taxonomy":"category","embeddable":true,"href":"https:\/\/www.europesays.com\/de\/wp-json\/wp\/v2\/categories?post=1239030"},{"taxonomy":"post_tag","embeddable":true,"href":"https:\/\/www.europesays.com\/de\/wp-json\/wp\/v2\/tags?post=1239030"}],"curies":[{"name":"wp","href":"https:\/\/api.w.org\/{rel}","templated":true}]}}