{"id":1239042,"date":"2026-08-15T20:55:20","date_gmt":"2026-08-15T20:55:20","guid":{"rendered":"https:\/\/www.europesays.com\/de\/1239042\/"},"modified":"2026-08-15T20:55:20","modified_gmt":"2026-08-15T20:55:20","slug":"berlin-ein-volksbad-nur-fuer-schwarze-und-die-bilder-die-beinahe-wirklichkeit-wurden","status":"publish","type":"post","link":"https:\/\/www.europesays.com\/de\/1239042\/","title":{"rendered":"Berlin: Ein \u00abVolksbad\u00bb nur f\u00fcr Schwarze \u2013 und die Bilder, die beinahe Wirklichkeit wurden"},"content":{"rendered":"<p>                            Es ist ein heisser Sommer \u2013 auch und gerade in Berlin. Vielleicht der heisseste seit Menschengedenken. Und wo die Gem\u00fcter \u00fcberhitzen, entstehen Ideen, die bei Zimmertemperatur niemand h\u00e4tte.<br \/>\nVor der Volksb\u00fchne am Rosa-Luxemburg-Platz steht seit August ein Pool. 25 Meter lang, 300.000 Euro teuer, kostenlos f\u00fcr alle. Das Theater nennt sein Sommerprojekt \u00abVolksbad\u00bb. Der Name war Programm: ein Bad f\u00fcrs Volk, offen f\u00fcr alle. Das Versprechen hielt genau eine Woche.            <\/p>\n<p>                                                                            Tempor\u00e4res Schwimmbecken \u00abVolksbad\u00bb vor der Volksb\u00fchne in Berl &#8230;                            <\/p>\n","protected":false},"excerpt":{"rendered":"Es ist ein heisser Sommer \u2013 auch und gerade in Berlin. Vielleicht der heisseste seit Menschengedenken. Und wo&hellip;\n","protected":false},"author":2,"featured_media":1239043,"comment_status":"","ping_status":"","sticky":false,"template":"","format":"standard","meta":{"footnotes":"","_share_on_mastodon":"0"},"categories":[1825],"tags":[4249,141381,296,29,2650,30,1724,80,3074,16,1458],"class_list":["post-1239042","post","type-post","status-publish","format-standard","has-post-thumbnail","category-berlin","tag-rassismus","tag-antirassismus","tag-berlin","tag-deutschland","tag-diskriminierung","tag-germany","tag-gesellschaft","tag-kultur","tag-meinung","tag-politik","tag-soziales"],"share_on_mastodon":{"url":"https:\/\/pubeurope.com\/@de\/117101522232609063","error":""},"_links":{"self":[{"href":"https:\/\/www.europesays.com\/de\/wp-json\/wp\/v2\/posts\/1239042","targetHints":{"allow":["GET"]}}],"collection":[{"href":"https:\/\/www.europesays.com\/de\/wp-json\/wp\/v2\/posts"}],"about":[{"href":"https:\/\/www.europesays.com\/de\/wp-json\/wp\/v2\/types\/post"}],"author":[{"embeddable":true,"href":"https:\/\/www.europesays.com\/de\/wp-json\/wp\/v2\/users\/2"}],"replies":[{"embeddable":true,"href":"https:\/\/www.europesays.com\/de\/wp-json\/wp\/v2\/comments?post=1239042"}],"version-history":[{"count":0,"href":"https:\/\/www.europesays.com\/de\/wp-json\/wp\/v2\/posts\/1239042\/revisions"}],"wp:featuredmedia":[{"embeddable":true,"href":"https:\/\/www.europesays.com\/de\/wp-json\/wp\/v2\/media\/1239043"}],"wp:attachment":[{"href":"https:\/\/www.europesays.com\/de\/wp-json\/wp\/v2\/media?parent=1239042"}],"wp:term":[{"taxonomy":"category","embeddable":true,"href":"https:\/\/www.europesays.com\/de\/wp-json\/wp\/v2\/categories?post=1239042"},{"taxonomy":"post_tag","embeddable":true,"href":"https:\/\/www.europesays.com\/de\/wp-json\/wp\/v2\/tags?post=1239042"}],"curies":[{"name":"wp","href":"https:\/\/api.w.org\/{rel}","templated":true}]}}