{"id":1239068,"date":"2026-08-15T21:10:15","date_gmt":"2026-08-15T21:10:15","guid":{"rendered":"https:\/\/www.europesays.com\/de\/1239068\/"},"modified":"2026-08-15T21:10:15","modified_gmt":"2026-08-15T21:10:15","slug":"auch-oman-betroffen-iran-kaempft-gegen-oelverschmutzung-im-kuestengebiet","status":"publish","type":"post","link":"https:\/\/www.europesays.com\/de\/1239068\/","title":{"rendered":"Auch Oman betroffen: Iran k\u00e4mpft gegen \u00d6lverschmutzung im K\u00fcstengebiet\u00a0"},"content":{"rendered":"<p>Auch Oman betroffenIran k\u00e4mpft gegen \u00d6lverschmutzung im K\u00fcstengebiet\u00a0<\/p>\n<p>15.08.2026, 20:53 Uhr <\/p>\n<p>Artikel anh\u00f6ren(02:38 min)<\/p>\n<p><img decoding=\"async\" class=\"Image_img__fQCi0 Image_Img_16_9__4BLfH widget-picture-inline_maximizable__t_E7h\" loading=\"eager\" fetchpriority=\"high\" src=\"https:\/\/www.europesays.com\/de\/wp-content\/uploads\/2026\/08\/Dunkle-Oelrueckstaende-bedecken-Teile-der-Kueste-am-Shib-Deraz-Strand-auf-der-Insel-Qeschm-waehrend-.webp\" alt=\"Dunkle-Oelrueckstaende-bedecken-Teile-der-Kueste-am-Shib-Deraz-Strand-auf-der-Insel-Qeschm-waehrend-die-iranischen-Behoerden-die-Ursache-der-Verschmutzung-untersuchen-vor-dem-Hintergrund-anhaltender-kriegsbedingter-Angriffe-auf-Schiffe-und-Infrastruktur-in-und-um-die-Strasse-von-Hormus\"\/>Nach Erkenntnissen der Umweltorganisation Greenpeace wird seit Montag an weiten Abschnitten im S\u00fcden der Insel Gheschm \u00d6l angesp\u00fclt. (Foto: picture alliance\/dpa\/ISNA\/AP)<\/p>\n<p class=\"Typography_text-m__XI0da Typography_weight-bold__uT6mq storyline_lead_text_leadtext__q_wg8\">Vor der iranischen Insel Gheschm breitet sich ein gro\u00dfer \u00d6lteppich aus \u2013 mit Folgen f\u00fcr Mangroven, Meeresschildkr\u00f6ten und Fischgr\u00fcnde. Die Beh\u00f6rden k\u00e4mpfen gegen die Verschmutzung. Greenpeace meldet derweil weitere \u00d6lfl\u00e4chen in der Stra\u00dfe von Hormus.\u00a0<\/p>\n<p class=\"Typography_text-default__P3otY Typography_weight-normal__pqUbH storyline_paragraph_p__qSR5N\">Nach Monaten der Gefechte um die Schifffahrt in der Stra\u00dfe von Hormus k\u00e4mpft der Iran nach eigenen Angaben gegen eine schwere \u00d6lverschmutzung im Meer nahe der Insel Gheschm. Erste Ma\u00dfnahmen zur Eind\u00e4mmung eines \u00d6lteppichs seien eingeleitet, berichtete die iranische Zeitung &#8222;Etemad&#8220;.<\/p>\n<p class=\"Typography_text-default__P3otY Typography_weight-normal__pqUbH storyline_paragraph_p__qSR5N\">Bereits am Freitag hatte die staatliche Nachrichtenagentur Irna berichtet, dass 3,2 Hektar eigene K\u00fcste sowie 9 Hektar der K\u00fcstengew\u00e4sser betroffen seien, dort gebe es auch Mangrovenw\u00e4lder. Vorher hatte es von offiziellen Stellen noch gehei\u00dfen, die \u00d6lverschmutzung sei bereits einged\u00e4mmt. In dem Irna-Bericht hie\u00df es, man gehe davon aus, dass die \u00d6lverschmutzung vom Meer aus an die K\u00fcste getrieben worden sei. Die genaue Ursache sei bisher nicht ausgemacht, hie\u00df es bei &#8222;Etemad&#8220;.<\/p>\n<p class=\"Typography_text-default__P3otY Typography_weight-normal__pqUbH storyline_paragraph_p__qSR5N\">Nach Erkenntnissen der Umweltorganisation Greenpeace wird seit Montag an weiten Abschnitten im S\u00fcden der Insel Gheschm \u00d6l angesp\u00fclt. Dort seien Nistpl\u00e4tze von Meeresschildkr\u00f6ten und wichtige Fischgr\u00fcnde. W\u00e4hrend iranische Beh\u00f6rden die K\u00fcste wohl s\u00e4uberten, zeigten Satellitenbilder vom Donnerstag weitere \u00d6lverschmutzungen in der Stra\u00dfe von Hormus, wie Greenpeace mitteilte: einen rund 500 Quadratkilometer gro\u00dfen \u00d6lteppich sowie zwei kleinere von rund 100 sowie 20 Quadratkilometer Fl\u00e4che.<\/p>\n<p class=\"Typography_text-default__P3otY Typography_weight-normal__pqUbH storyline_paragraph_p__qSR5N\">Um faktisch die Schifffahrt durch die f\u00fcr den internationalen Handel wichtige Stra\u00dfe von Hormus zu blockieren, hatten Streitkr\u00e4fte der Islamischen Republik seit Ausbruch des Iran-Kriegs viele Frachter attackiert. Die USA reagierten mit einer Seeblockade f\u00fcr iranische Schiffe und feuerten ebenfalls mehrfach, um diese man\u00f6vrierunf\u00e4hig zu machen.<\/p>\n<p class=\"Typography_text-default__P3otY Typography_weight-normal__pqUbH storyline_paragraph_p__qSR5N\">Auch an der K\u00fcste Omans breitet sich ein \u00d6lteppich aus. Dort war der Tanker &#8222;Caroline Bezengi&#8220; auf Grund gelaufen, der Russlands sogenannter Schattenflotte zugerechnet wird und unter EU-Sanktionen steht. Er droht nach Experteneinsch\u00e4tzung auseinanderzubrechen. Ob die \u00d6lverschmutzung an der iranischen K\u00fcste mit der &#8222;Caroline Bezengi&#8220; in Zusammenhang steht, ist bislang unklar.<\/p>\n<p class=\"Typography_text-s__wu_cm Typography_weight-normal__pqUbH Typography_color-darkgrey__sZEnP article-detail-footer_source__KslPc\">Quelle: ntv.de, jki\/dpa<\/p>\n","protected":false},"excerpt":{"rendered":"Auch Oman betroffenIran k\u00e4mpft gegen \u00d6lverschmutzung im K\u00fcstengebiet\u00a0 15.08.2026, 20:53 Uhr Artikel anh\u00f6ren(02:38 min) Nach Erkenntnissen der Umweltorganisation&hellip;\n","protected":false},"author":2,"featured_media":1239069,"comment_status":"","ping_status":"","sticky":false,"template":"","format":"standard","meta":{"footnotes":"","_share_on_mastodon":"0"},"categories":[3],"tags":[13,345,14,15,16,9952,5226,12,29839,10,8,9,11,103,104],"class_list":["post-1239068","post","type-post","status-publish","format-standard","has-post-thumbnail","category-welt","tag-headlines","tag-iran","tag-nachrichten","tag-news","tag-politik","tag-rohstoff-oel","tag-schifffahrt","tag-schlagzeilen","tag-strasse-von-hormus","tag-top-news","tag-top-meldungen","tag-topmeldungen","tag-topnews","tag-welt","tag-world"],"share_on_mastodon":{"url":"https:\/\/pubeurope.com\/@de\/117101582973035139","error":""},"_links":{"self":[{"href":"https:\/\/www.europesays.com\/de\/wp-json\/wp\/v2\/posts\/1239068","targetHints":{"allow":["GET"]}}],"collection":[{"href":"https:\/\/www.europesays.com\/de\/wp-json\/wp\/v2\/posts"}],"about":[{"href":"https:\/\/www.europesays.com\/de\/wp-json\/wp\/v2\/types\/post"}],"author":[{"embeddable":true,"href":"https:\/\/www.europesays.com\/de\/wp-json\/wp\/v2\/users\/2"}],"replies":[{"embeddable":true,"href":"https:\/\/www.europesays.com\/de\/wp-json\/wp\/v2\/comments?post=1239068"}],"version-history":[{"count":0,"href":"https:\/\/www.europesays.com\/de\/wp-json\/wp\/v2\/posts\/1239068\/revisions"}],"wp:featuredmedia":[{"embeddable":true,"href":"https:\/\/www.europesays.com\/de\/wp-json\/wp\/v2\/media\/1239069"}],"wp:attachment":[{"href":"https:\/\/www.europesays.com\/de\/wp-json\/wp\/v2\/media?parent=1239068"}],"wp:term":[{"taxonomy":"category","embeddable":true,"href":"https:\/\/www.europesays.com\/de\/wp-json\/wp\/v2\/categories?post=1239068"},{"taxonomy":"post_tag","embeddable":true,"href":"https:\/\/www.europesays.com\/de\/wp-json\/wp\/v2\/tags?post=1239068"}],"curies":[{"name":"wp","href":"https:\/\/api.w.org\/{rel}","templated":true}]}}