{"id":1239070,"date":"2026-08-15T21:11:24","date_gmt":"2026-08-15T21:11:24","guid":{"rendered":"https:\/\/www.europesays.com\/de\/1239070\/"},"modified":"2026-08-15T21:11:24","modified_gmt":"2026-08-15T21:11:24","slug":"flughafen-muenchen-flieger-schrammt-an-katastrophe-vorbei-regional","status":"publish","type":"post","link":"https:\/\/www.europesays.com\/de\/1239070\/","title":{"rendered":"Flughafen M\u00fcnchen: Flieger schrammt an Katastrophe vorbei | Regional"},"content":{"rendered":"<p><a class=\"skip-content skip-content--link\" href=\"#in-content-skip-link-target-v-0-0\">TTS-Player \u00fcberspringen\u21b5<\/a><a id=\"in-content-skip-link-target-v-0-0\" class=\"skip-content--target-link-hidden skip-content skip-content--target-link\" href=\"#in-content-skip-link-target-v-0-0\">Artikel weiterlesen<\/a><\/p>\n<p data-780e759e=\"0-1300\">M\u00fcnchen \u2013 <b>Riesenschreck f\u00fcr die Passagiere einer Boeing 787 am M\u00fcnchner Flughafen! Am Samstagnachmittag hatte die Maschine von Vietnam Airlines offenbar Probleme beim Abheben \u2013 sie wirbelte heftig Staub auf. Kurze Zeit sp\u00e4ter musste der Flieger wieder landen.<\/b><\/p>\n<p data-780e759e=\"0-1300\">Was genau auf Flug VN34 nach Hanoi vorgefallen war, ist bislang unklar. Laut einer <a href=\"https:\/\/www.bild.de\/themen\/orte\/flughaefen\/nachrichten-news-fotos-videos-19062042.bild.html\" class=\"text-link\" rel=\"nofollow noopener\" target=\"_blank\">Flughafen<\/a>-Sprecherin gab es technische Probleme. Ein erfahrener Beobachter berichtet allerdings, der Flieger sei augenscheinlich knapp einer Katastrophe entkommen: \u201eDas war sehr eng!\u201c, sagte Planespotter Thomas, der unter \u201eMunichAviation\u201c bekannt ist und die Szene filmte, zu BILD.<\/p>\n<p><img decoding=\"async\" width=\"992\" height=\"1178\" alt=\"Im letzten Moment sei das Flugzeug noch in die Luft gestartet, berichtet ein Augenzeuge\" loading=\"lazy\" src=\"https:\/\/www.europesays.com\/de\/wp-content\/uploads\/2026\/08\/84561d1c517d2144aa3a8f72faa5fc26,e710e01d.jpeg\"   class=\"portrait\"\/><\/p>\n<p class=\"fig__caption__text\">Im letzten Moment sei das Flugzeug noch in die Luft gestartet, berichtet ein Augenzeuge<\/p>\n<p>Foto: MunichAviation<\/p>\n<p>Beobachter: \u201eIm letzten Moment H\u00f6he aufgebaut\u201c<\/p>\n<p data-780e759e=\"0-1300\">Auf den Aufnahmen bei YouTube ist zu sehen, wie die <a href=\"https:\/\/www.bild.de\/themen\/organisationen\/boeing\/fluege-nachrichten-news-fotos-videos-19180676.bild.html\" class=\"text-link\" rel=\"nofollow noopener\" target=\"_blank\">Boeing<\/a> zun\u00e4chst ungew\u00f6hnlich weit \u00fcber die Startbahn f\u00e4hrt, bevor sie \u00fcberhaupt in die Luft startet: \u201eAls sie in H\u00f6he der Lufthansa-Wartungshallen immer noch nicht abhob, bin ich stutzig geworden, weil dann nicht mehr viel Piste kommt\u201c, erkl\u00e4rte der Flugzeug-Fan gegen\u00fcber dem Luftfahrt-Portal \u201eAerotelegraph\u201c. Nur wenige Meter weiter, und der <a href=\"https:\/\/www.bild.de\/themen\/organisationen\/boeing-787\/fluege-nachrichten-news-fotos-videos-20195606.bild.html\" class=\"text-link\" rel=\"nofollow noopener\" target=\"_blank\">Dreamliner<\/a> (mehr als 250 Sitzpl\u00e4tze) w\u00e4re dar\u00fcber hinausgeschossen. \u201eGl\u00fccklicherweise hat er im letzten Moment noch H\u00f6he aufbauen k\u00f6nnen. Hinter der Bahn ist die Bundesstra\u00dfe.\u201c<\/p>\n<p><img decoding=\"async\" width=\"992\" height=\"558\" alt=\"Auf \u201eFlightradar\u201c war zu sehen, wie die Maschine \u00fcber Bayern kreiste\" loading=\"lazy\" src=\"https:\/\/www.europesays.com\/de\/wp-content\/uploads\/2026\/08\/c0aefe9a3cedbc69f3f2c18688b47325,5172c475.jpeg\"   class=\"landscape\"\/><\/p>\n<p class=\"fig__caption__text\">Auf \u201eFlightradar\u201c war zu sehen, wie die Maschine \u00fcber Bayern kreiste<\/p>\n<p>Foto: flightradar24<\/p>\n<p data-780e759e=\"0-1300\">Danach habe ein Polizeihubschrauber aus der Luft die Piste in Augenschein genommen. Auf dem Portal \u201eFlightradar\u201c war zu sehen, wie der Dreamliner etwa anderthalb Stunden \u00fcber Bayern kreiste, um Kerosin abzulassen. Schlie\u00dflich landete er wieder in <a href=\"https:\/\/www.bild.de\/regional\/muenchen\/muenchen-regional\/home-16344438.bild.html\" class=\"text-link\" rel=\"nofollow noopener\" target=\"_blank\">M\u00fcnchen<\/a>. Dabei sei starker Rauch aus dem Fahrwerk gekommen, erz\u00e4hlten Augenzeugen. Auch die Feuerwehr war im Einsatz.<\/p>\n<p> An dieser Stelle findest du Inhalte aus Instagram <\/p>\n<p> Um mit Inhalten aus Instagram und anderen sozialen Netzwerken zu interagieren oder diese darzustellen, brauchen wir deine Zustimmung. <\/p>\n<p> soziale Netzwerke aktivieren Flugzeug konnte nach Landung nicht mal mehr rollen<\/p>\n<p data-780e759e=\"1301-2167\">Airport-Sprecherin Franziska Lyne erkl\u00e4rte auf BILD-Anfrage: \u201eDer Flug hat nach dem Start technische Probleme gemeldet und ist wieder nach M\u00fcnchen zur\u00fcckgekehrt. Nach der Landung konnte das <a href=\"https:\/\/www.bild.de\/themen\/specials\/flugzeuge\/news-fotos-videos-17013950.bild.html\" class=\"text-link\" rel=\"nofollow noopener\" target=\"_blank\">Flugzeug<\/a> nicht selbstst\u00e4ndig von der Bahn rollen und blockiert diese aktuell. Deshalb ist die n\u00f6rdliche Start- und Landebahn bis auf Weiteres geschlossen.\u201c<\/p>\n<p>Mehr zum Thema<\/p>\n<p data-780e759e=\"1301-2167\">Der Flugverkehr werde nun \u00fcber die S\u00fcdbahn abgewickelt. Auf der Website werden Reisende \u00fcber m\u00f6gliche Verz\u00f6gerungen ihrer Abfl\u00fcge informiert.<\/p>\n","protected":false},"excerpt":{"rendered":"TTS-Player \u00fcberspringen\u21b5Artikel weiterlesen M\u00fcnchen \u2013 Riesenschreck f\u00fcr die Passagiere einer Boeing 787 am M\u00fcnchner Flughafen! Am Samstagnachmittag hatte&hellip;\n","protected":false},"author":2,"featured_media":1239071,"comment_status":"","ping_status":"","sticky":false,"template":"","format":"standard","meta":{"footnotes":"","_share_on_mastodon":"0"},"categories":[2],"tags":[3091,772,64447,29,10647,24290,841,30,13,14,15,12,138370,10,8,9,11,2624],"class_list":["post-1239070","post","type-post","status-publish","format-standard","has-post-thumbnail","category-deutschland","tag-airline","tag-bayern","tag-boeing-787","tag-deutschland","tag-flughafen-muenchen","tag-flugreise","tag-flugzeuge","tag-germany","tag-headlines","tag-nachrichten","tag-news","tag-schlagzeilen","tag-team-first","tag-top-news","tag-top-meldungen","tag-topmeldungen","tag-topnews","tag-unfaelle"],"share_on_mastodon":{"url":"https:\/\/pubeurope.com\/@de\/117101587374808828","error":""},"_links":{"self":[{"href":"https:\/\/www.europesays.com\/de\/wp-json\/wp\/v2\/posts\/1239070","targetHints":{"allow":["GET"]}}],"collection":[{"href":"https:\/\/www.europesays.com\/de\/wp-json\/wp\/v2\/posts"}],"about":[{"href":"https:\/\/www.europesays.com\/de\/wp-json\/wp\/v2\/types\/post"}],"author":[{"embeddable":true,"href":"https:\/\/www.europesays.com\/de\/wp-json\/wp\/v2\/users\/2"}],"replies":[{"embeddable":true,"href":"https:\/\/www.europesays.com\/de\/wp-json\/wp\/v2\/comments?post=1239070"}],"version-history":[{"count":0,"href":"https:\/\/www.europesays.com\/de\/wp-json\/wp\/v2\/posts\/1239070\/revisions"}],"wp:featuredmedia":[{"embeddable":true,"href":"https:\/\/www.europesays.com\/de\/wp-json\/wp\/v2\/media\/1239071"}],"wp:attachment":[{"href":"https:\/\/www.europesays.com\/de\/wp-json\/wp\/v2\/media?parent=1239070"}],"wp:term":[{"taxonomy":"category","embeddable":true,"href":"https:\/\/www.europesays.com\/de\/wp-json\/wp\/v2\/categories?post=1239070"},{"taxonomy":"post_tag","embeddable":true,"href":"https:\/\/www.europesays.com\/de\/wp-json\/wp\/v2\/tags?post=1239070"}],"curies":[{"name":"wp","href":"https:\/\/api.w.org\/{rel}","templated":true}]}}