{"id":1239154,"date":"2026-08-15T22:13:16","date_gmt":"2026-08-15T22:13:16","guid":{"rendered":"https:\/\/www.europesays.com\/de\/1239154\/"},"modified":"2026-08-15T22:13:16","modified_gmt":"2026-08-15T22:13:16","slug":"zwei-voellig-neue-namen-so-plant-der-bvb-nach-dem-geplatzten-transfer-von-said-el-mala","status":"publish","type":"post","link":"https:\/\/www.europesays.com\/de\/1239154\/","title":{"rendered":"Zwei v\u00f6llig neue Namen! So plant der BVB nach dem geplatzten Transfer von Said El Mala"},"content":{"rendered":"<p data-testid=\"article-teaser\">Der BVB scheint zahlreiche Alternativen zu Said El Mala auf der Liste zu haben. <\/p>\n<p>Nach dem geplatzten Transfer von Said El Mala hat der BVB wohl zahlreiche Alternativen auf dem Zettel. Eine Spur soll schon ganz hei\u00df sein. Die Bild-Zeitung nennt gleich mehrere Kandidaten, die Dortmund nun f\u00fcr eine Verst\u00e4rkung f\u00fcr die Offensive auf der Liste hat. <a href=\"https:\/\/www.spox.com\/fussball\/news\/so-guenstig-wird-der-bvb-said-el-mala-nie-wieder-bekommen-das-pro-und-contra-zum-geplatzten-transfer\/blt118619028d4e2306\" rel=\"nofollow noopener\" target=\"_blank\" data-affiliate-type=\"NONE\">Bereits w\u00e4hrend den z\u00e4hen Verhandlungen mit dem 1. FC K\u00f6ln<\/a> \u00fcber den deutschen U21-Nationalspieler soll sich die Borussia mit einem Plan B besch\u00e4ftigt haben.<\/p>\n<p>Demnach ganz oben auf Liste: Giannis Konstantelias von PAOK Saloniki, <a href=\"https:\/\/www.spox.com\/fussball\/news\/als-wuerde-man-neymar-zusehen-dortmunds-plan-b-bei-said-el-mala-ist-ein-kleiner-magier-der-zauber-dinge-machen-kann\/bltae5b74e7eed1be53\" rel=\"nofollow noopener\" target=\"_blank\" data-affiliate-type=\"NONE\">der im vergangenen Sommer bereits unmittelbar vor einem Wechsel zum VfB Stuttgart gestanden hatte<\/a>. Der Grieche kann sowohl im offensiven Zentrum als auch auf dem linken Fl\u00fcgel eingesetzt werden und w\u00e4re die perfekte Erg\u00e4nzung zu K\u00f6nigstransfer Konstantinos Karetsas. <\/p>\n<p>Kontakt zwischen den Vereinen und der Spielerseite soll schon l\u00e4nger bestehen. Als Abl\u00f6se w\u00e4ren wohl rund 25 Millionen Euro f\u00e4llig, die Gehaltsvorstellungen des 23-J\u00e4hrigen sollen sich auf drei Millionen Euro pro Jahr belaufen. Das Gesamtpaket w\u00e4re also deutlich g\u00fcnstiger als bei einer El-Mala-Verpflichtung gewesen. <\/p>\n<p>BVB: Was ist eigentlich mit Fisnik Asllani?<\/p>\n<p>Laut der Bild-Zeitung k\u00f6nnte auch Fisnik Asllani wieder Thema werden, der in Ole Book einen gro\u00dfen Bef\u00fcrworter haben soll. Der Sportdirektor kennt den St\u00fcrmer der TSG Hoffenheim noch aus gemeinsamen Tagen bei der SV Elversberg. <a href=\"https:\/\/www.spox.com\/fussball\/news\/wird-der-bvb-hellhoerig-millionen-transfer-von-fisnik-asllani-platzt-voellig-ueberraschend-in-letzter-sekunde\/bltf36bba5da0c90953\" rel=\"nofollow noopener\" target=\"_blank\" data-affiliate-type=\"NONE\">Sein Wechsel zu RB Leipzig war auf der Zielgeraden wegen medizinischer Bedenken geplatzt<\/a>. <\/p>\n<p>Nun k\u00f6nnte doch noch der Schritt zum BVB folgen, der sogar sein Wunschverein sein soll. <a href=\"https:\/\/www.spox.com\/fussball\/news\/bvb-news-und-geruechte-schnappt-sich-borussia-dortmund-einen-ehemaligen-bundesliga-torschuetzenkoenig-als-ersatz-fuer-said-el-mala\/bltcc2cc37330d96372\" rel=\"nofollow noopener\" target=\"_blank\" data-affiliate-type=\"NONE\">Au\u00dferdem gibt es Ger\u00fcchte um Christopher Nkunku<\/a>, der aufgrund der verpassten Champions-League-Qualifikation bei der AC Milan nach nur einem Jahr schon wieder auf dem Abstellgleis steht, und Ibrahim Mbaye. <a href=\"https:\/\/www.spox.com\/fussball\/news\/konkurrenz-fuer-den-bvb-fc-liverpool-plant-offenbar-spektakulaeren-transfer-doppelschlag\/blt5d697a3fa5468e8c\" rel=\"nofollow noopener\" target=\"_blank\" data-affiliate-type=\"NONE\">Um Letzteren bem\u00fcht sich laut der franz\u00f6sischen Zeitung L&#8217;Equipe inzwischen aber intensiv der FC Liverpool.<\/a><\/p>\n<p><img class=\"fco-image__image\" alt=\"FBL-EUR-C3-PAOK-YOUNG BOYS\"   loading=\"lazy\" decoding=\"async\" fetchpriority=\"auto\" width=\"2340\" height=\"1559\" src=\"https:\/\/www.europesays.com\/de\/wp-content\/uploads\/2026\/08\/1786831996_100_GettyImages-2244878632.jpg\" style=\"aspect-ratio:2340 \/ 1559;width:100%;height:100%\"\/>Getty ImagesBVB-Alternativen zu Said El Mala: Was macht Jadon Sancho?<\/p>\n<p>Die Bild-Zeitung bringt aber auch zwei v\u00f6llig neue Namen bei der Borussia ins Gespr\u00e4ch: Abde Ezzalzouli (24, Betis Sevilla) und Alberto Moleiro (22, FC Villarreal). Beide Fl\u00fcgelspieler sollen unter genauer Beobachtung stehen, w\u00fcrden aber jeweils wohl viel Geld kosten. Unter 40 Millionen Euro scheint ein Zuschlag unrealistisch zu sein. Eine etwas defensivere Variante stellt obendrein Joey Veermann dar. Der zentrale Mittelfeldspieler kann die PSV Eindhoven per Ausstiegsklausel f\u00fcr 20 Millionen Euro verlassen, die allerdings nur noch f\u00fcr wenige Tage g\u00fcltig sein soll. <\/p>\n<p>Und dann w\u00e4re da noch Jadon Sancho. Schon h\u00e4ufiger wurde \u00fcber eine erneute R\u00fcckholaktion des Engl\u00e4nders spekuliert. Der 26-J\u00e4hrige ist inzwischen vereinslos, nachdem sein Vertrag bei Manchester United ausgelaufen war. <a href=\"https:\/\/www.spox.com\/fussball\/news\/ungewoehnliche-massnahme-bvb-wundert-sich-offenbar-ueber-jadon-sancho-sorgt-beim-bvb-offenbar-fuer-verwunderung\/bltbc9de87a1b59dc51\" rel=\"nofollow noopener\" target=\"_blank\" data-affiliate-type=\"NONE\">Zuletzt hielt er sich bei einem englischen Zehntligisten fit.<\/a> Dementsprechend soll es Bedenken \u00fcber seinen Fitnesszustand geben. Auch hie\u00df es unl\u00e4ngst, dass der BVB Zweifel hegen soll, ob Sancho \u00fcberhaupt noch eine Verst\u00e4rkung darstellen w\u00fcrde. Schlie\u00dflich soll derzeit auch kein anderer europ\u00e4ischer Topklub um dessen Dienste buhlen. <\/p>\n","protected":false},"excerpt":{"rendered":"Der BVB scheint zahlreiche Alternativen zu Said El Mala auf der Liste zu haben. Nach dem geplatzten Transfer&hellip;\n","protected":false},"author":2,"featured_media":1239155,"comment_status":"","ping_status":"","sticky":false,"template":"","format":"standard","meta":{"footnotes":"","_share_on_mastodon":"0"},"categories":[1833],"tags":[256954,256955,888,299,97671,3364,29,217,207756,86194,30,256953,132122,1209,121665],"class_list":["post-1239154","post","type-post","status-publish","format-standard","has-post-thumbnail","category-dortmund","tag-a-ezzalzouli","tag-a-moleiro","tag-borussia-dortmund","tag-bundesliga","tag-c-nkunku","tag-de","tag-deutschland","tag-dortmund","tag-f-asllani","tag-g-konstantelias","tag-germany","tag-i-mbaye","tag-j-sancho","tag-nordrhein-westfalen","tag-s-el-mala"],"share_on_mastodon":{"url":"https:\/\/pubeurope.com\/@de\/117101830471401176","error":""},"_links":{"self":[{"href":"https:\/\/www.europesays.com\/de\/wp-json\/wp\/v2\/posts\/1239154","targetHints":{"allow":["GET"]}}],"collection":[{"href":"https:\/\/www.europesays.com\/de\/wp-json\/wp\/v2\/posts"}],"about":[{"href":"https:\/\/www.europesays.com\/de\/wp-json\/wp\/v2\/types\/post"}],"author":[{"embeddable":true,"href":"https:\/\/www.europesays.com\/de\/wp-json\/wp\/v2\/users\/2"}],"replies":[{"embeddable":true,"href":"https:\/\/www.europesays.com\/de\/wp-json\/wp\/v2\/comments?post=1239154"}],"version-history":[{"count":0,"href":"https:\/\/www.europesays.com\/de\/wp-json\/wp\/v2\/posts\/1239154\/revisions"}],"wp:featuredmedia":[{"embeddable":true,"href":"https:\/\/www.europesays.com\/de\/wp-json\/wp\/v2\/media\/1239155"}],"wp:attachment":[{"href":"https:\/\/www.europesays.com\/de\/wp-json\/wp\/v2\/media?parent=1239154"}],"wp:term":[{"taxonomy":"category","embeddable":true,"href":"https:\/\/www.europesays.com\/de\/wp-json\/wp\/v2\/categories?post=1239154"},{"taxonomy":"post_tag","embeddable":true,"href":"https:\/\/www.europesays.com\/de\/wp-json\/wp\/v2\/tags?post=1239154"}],"curies":[{"name":"wp","href":"https:\/\/api.w.org\/{rel}","templated":true}]}}