{"id":1239230,"date":"2026-08-15T23:00:13","date_gmt":"2026-08-15T23:00:13","guid":{"rendered":"https:\/\/www.europesays.com\/de\/1239230\/"},"modified":"2026-08-15T23:00:13","modified_gmt":"2026-08-15T23:00:13","slug":"bpol-kl-gestohlener-e-roller-am-hauptbahnhof-mainz-festgestellt","status":"publish","type":"post","link":"https:\/\/www.europesays.com\/de\/1239230\/","title":{"rendered":"BPOL-KL: Gestohlener E-Roller am Hauptbahnhof Mainz festgestellt"},"content":{"rendered":"<p class=\"date\">15.08.2026 \u2013 22:23<\/p>\n<p class=\"customer\">\n                        <a class=\"story-customer\" title=\"weiter zum newsroom von Bundespolizeiinspektion Kaiserslautern\" href=\"https:\/\/www.presseportal.de\/blaulicht\/nr\/70139\" rel=\"nofollow noopener\" target=\"_blank\">Bundespolizeiinspektion Kaiserslautern<\/a>\n                    <\/p>\n<p><a data-category=\"citylink-story-view\" data-action=\"click\" data-label=\"Citylink in Meldungsansicht\" class=\"story-city event-trigger\" href=\"https:\/\/www.presseportal.de\/regional\/Mainz\" title=\"News aus Mainz \" rel=\"nofollow noopener\" target=\"_blank\">Mainz<\/a> (ots)<\/p>\n<p>Aufgrund des ung\u00fcltigen Versicherungskennzeichens an einem E-Scooter hielten Bundespolizisten am 15. August 2026 einen Heranwachsenden vor dem Hauptbahnhof in Mainz an.<br \/>\nDer 18-j\u00e4hrige Ukrainer gab auf Nachfrage an, dass er das Zweirad im Rahmen eines Tauschgesch\u00e4ftes erhalten habe. Als die Polizisten die Fahrzeugnummer \u00fcberpr\u00fcften, stellte sich heraus, dass der E-Scooter durch einen Diebstahl entwendet wurde.<br \/>\nDer E-Roller wurde sichergestellt und der junge Mann konnte nach Abschluss der polizeilichen Ma\u00dfnahmen seinen Weg fortsetzen.<br \/>\nGegen den 18-J\u00e4hrigen wurde durch die Bundespolizei ein Ermittlungsverfahren wegen Hehlerei und des Gebrauchs eines Fahrzeugs ohne Haftpflichtversicherung eingeleitet.<\/p>\n<p class=\"contact-headline\">R\u00fcckfragen bitte an:<\/p>\n<p class=\"contact-text\">Bundespolizeiinspektion Kaiserslautern<br \/>Bereich \u00d6ffentlichkeitsarbeit<br \/>Telefon: 0631\/340 73-1007<br \/>E-Mail: <a href=\"https:\/\/www.presseportal.de\/blaulicht\/pm\/70139\/mailto:bpoli.kaiserslautern.presse@polizei.bund.de\" class=\"uri-mailto\" rel=\"nofollow noopener\" target=\"_blank\">bpoli.kaiserslautern.presse@polizei.bund.de<\/a><br \/><a target=\"_blank\" class=\"uri-ext outbound\" rel=\"noopener nofollow\" href=\"http:\/\/www.bundespolizei.de\">http:\/\/www.bundespolizei.de<\/a><\/p>\n<p class=\"originator\">Original-Content von: Bundespolizeiinspektion Kaiserslautern, \u00fcbermittelt durch news aktuell<\/p>\n","protected":false},"excerpt":{"rendered":"15.08.2026 \u2013 22:23 Bundespolizeiinspektion Kaiserslautern Mainz (ots) Aufgrund des ung\u00fcltigen Versicherungskennzeichens an einem E-Scooter hielten Bundespolizisten am 15.&hellip;\n","protected":false},"author":2,"featured_media":1184682,"comment_status":"","ping_status":"","sticky":false,"template":"","format":"standard","meta":{"footnotes":"","_share_on_mastodon":"0"},"categories":[1847],"tags":[3364,29,548,663,3934,30,1087,13,2052,177,14,15,121,178,180,179,181,17273,12,38044,4544],"class_list":["post-1239230","post","type-post","status-publish","format-standard","has-post-thumbnail","category-wiesbaden","tag-de","tag-deutschland","tag-eu","tag-europa","tag-europe","tag-germany","tag-he","tag-headlines","tag-hessen","tag-kriminalitt","tag-nachrichten","tag-news","tag-polizei","tag-presse","tag-pressemeldung","tag-pressemitteilung","tag-pressemitteilungen","tag-rp","tag-schlagzeilen","tag-sl","tag-wiesbaden"],"share_on_mastodon":{"url":"https:\/\/pubeurope.com\/@de\/117102013704006168","error":""},"_links":{"self":[{"href":"https:\/\/www.europesays.com\/de\/wp-json\/wp\/v2\/posts\/1239230","targetHints":{"allow":["GET"]}}],"collection":[{"href":"https:\/\/www.europesays.com\/de\/wp-json\/wp\/v2\/posts"}],"about":[{"href":"https:\/\/www.europesays.com\/de\/wp-json\/wp\/v2\/types\/post"}],"author":[{"embeddable":true,"href":"https:\/\/www.europesays.com\/de\/wp-json\/wp\/v2\/users\/2"}],"replies":[{"embeddable":true,"href":"https:\/\/www.europesays.com\/de\/wp-json\/wp\/v2\/comments?post=1239230"}],"version-history":[{"count":0,"href":"https:\/\/www.europesays.com\/de\/wp-json\/wp\/v2\/posts\/1239230\/revisions"}],"wp:featuredmedia":[{"embeddable":true,"href":"https:\/\/www.europesays.com\/de\/wp-json\/wp\/v2\/media\/1184682"}],"wp:attachment":[{"href":"https:\/\/www.europesays.com\/de\/wp-json\/wp\/v2\/media?parent=1239230"}],"wp:term":[{"taxonomy":"category","embeddable":true,"href":"https:\/\/www.europesays.com\/de\/wp-json\/wp\/v2\/categories?post=1239230"},{"taxonomy":"post_tag","embeddable":true,"href":"https:\/\/www.europesays.com\/de\/wp-json\/wp\/v2\/tags?post=1239230"}],"curies":[{"name":"wp","href":"https:\/\/api.w.org\/{rel}","templated":true}]}}