{"id":1239256,"date":"2026-08-15T23:17:16","date_gmt":"2026-08-15T23:17:16","guid":{"rendered":"https:\/\/www.europesays.com\/de\/1239256\/"},"modified":"2026-08-15T23:17:16","modified_gmt":"2026-08-15T23:17:16","slug":"praesident-kooperiert-mit-usa-kolumbiens-militaer-zerstoert-drogenlabor-mit-18-tonnen-kokain","status":"publish","type":"post","link":"https:\/\/www.europesays.com\/de\/1239256\/","title":{"rendered":"Pr\u00e4sident kooperiert mit USA: Kolumbiens Milit\u00e4r zerst\u00f6rt Drogenlabor mit 1,8 Tonnen Kokain"},"content":{"rendered":"<p>Pr\u00e4sident kooperiert mit USAKolumbiens Milit\u00e4r zerst\u00f6rt Drogenlabor mit 1,8 Tonnen Kokain<\/p>\n<p>16.08.2026, 00:48 Uhr <\/p>\n<p>Artikel anh\u00f6ren(02:31 min)<\/p>\n<p><img decoding=\"async\" class=\"Image_img__fQCi0 Image_Img_16_9__4BLfH widget-picture-inline_maximizable__t_E7h\" loading=\"eager\" fetchpriority=\"high\" src=\"https:\/\/www.europesays.com\/de\/wp-content\/uploads\/2026\/08\/Vermummte-Mitglieder-einer-Spezialeinheit-nehmen-an-einem-Einsatz-zur-Vernichtung-von-Koka-Plantagen.webp\" alt=\"Vermummte-Mitglieder-einer-Spezialeinheit-nehmen-an-einem-Einsatz-zur-Vernichtung-von-Koka-Plantagen-teil-Kolumbien-ist-neben-Peru-und-Bolivien-einer-der-groessten-Prozenten-von-Kokain-weltweit\"\/>Kolumbianische Einsatzkr\u00e4fte vernichten zuletzt vermehrt Koka-Plantagen. (Archivbild) (Foto: picture alliance\/dpa\/colprensa)<\/p>\n<p class=\"Typography_text-m__XI0da Typography_weight-bold__uT6mq storyline_lead_text_leadtext__q_wg8\">Der Gro\u00dfteil des weltweiten Kokains stammt aus kolumbianischer Produktion. Der neue rechtsgerichtete Pr\u00e4sident versch\u00e4rft die Gangart gegen Drogenbanden. Das s\u00fcdamerikanische Land schlie\u00dft sich dazu auch Trumps milit\u00e4rischer Anti-Drogen-Allianz an.<\/p>\n<p class=\"Typography_text-default__P3otY Typography_weight-normal__pqUbH storyline_paragraph_p__qSR5N\">In Kolumbien hat die Armee ein Drogenlabor zerst\u00f6rt und mehr als 1,8 Tonnen Kokain sichergestellt, teilten der neue Pr\u00e4sident Abelardo de la Espriella und das Verteidigungsministerium des s\u00fcdamerikanischen Landes bei X mit. Die Operation fand in der Kleinstadt Mercaderes im S\u00fcdwesten des Landes statt.<\/p>\n<p class=\"Typography_text-default__P3otY Typography_weight-normal__pqUbH storyline_paragraph_p__qSR5N\">Vor wenigen Tagen trat Kolumbien auch Trumps milit\u00e4rischer Anti-Drogen-B\u00fcndnis &#8222;The Shield of the Americas&#8220; bei. Dabei vereinbarten Kolumbien und USA laut US-Verteidigungsminister Pete Hegseth unter anderem gemeinsame milit\u00e4rische Operationen im Kampf gegen die Drogenkartelle.<\/p>\n<p class=\"Typography_text-default__P3otY Typography_weight-normal__pqUbH storyline_paragraph_p__qSR5N\">De la Espriella bezeichnete den Einsatz als &#8222;schweren Schlag gegen den Drogenhandel&#8220; und ordnete die Produktionsst\u00e4tte der linksgerichteten Rebellengruppe ELN (&#8222;Nationale Befreiungsarmee&#8220;) zu. Es ist die gr\u00f6\u00dfte aktive Guerillaorganisation im Land. Der Gro\u00dfteil des weltweiten Kokains stammt aus kolumbianischer Produktion. <\/p>\n<p>De la Espriella: &#8222;Drogenhandel ist der Feind Kolumbiens&#8220;<\/p>\n<p class=\"Typography_text-default__P3otY Typography_weight-normal__pqUbH storyline_paragraph_p__qSR5N\">&#8222;Wir schlagen weiter zu gegen die illegalen \u00d6konomien, die den Terrorismus und die Gewalt finanzieren. Der Drogenhandel ist der Feind Kolumbiens, und wir werden ihn unerbittlich bek\u00e4mpfen&#8220;, erkl\u00e4rte der Pr\u00e4sident, der sich selbst &#8222;El tigre&#8220; (&#8222;Der Tiger&#8220;) nennt. Der rechtsgerichtete Politiker hatte im Wahlkampf die Sicherheitsfrage und den Kampf gegen die Drogenbanden ins Zentrum seiner Kampagne gestellt. Er war dabei von US-Pr\u00e4sident Donald Trump unterst\u00fctzt worden.<\/p>\n<p class=\"Typography_text-default__P3otY Typography_weight-normal__pqUbH storyline_paragraph_p__qSR5N\">Die ELN hat eine direkte Verbindung zum Drogenhandel stets bestritten. Ihr Anf\u00fchrer Antonio Garcia hatte im Januar erkl\u00e4rt, seine Gruppe erhebe zwar Steuern von Kokainh\u00e4ndlern, betreibe aber keine Kokainlabors und Drogenhandelsrouten. Die ELN wurde Anfang der 1960er Jahre gegr\u00fcndet und verf\u00fcgt \u00fcber etwa 5000 K\u00e4mpfer in Kolumbien und Venezuela.<\/p>\n<p class=\"Typography_text-s__wu_cm Typography_weight-normal__pqUbH Typography_color-darkgrey__sZEnP article-detail-footer_source__KslPc\">Quelle: ntv.de, bho\/dpa<\/p>\n","protected":false},"excerpt":{"rendered":"Pr\u00e4sident kooperiert mit USAKolumbiens Milit\u00e4r zerst\u00f6rt Drogenlabor mit 1,8 Tonnen Kokain 16.08.2026, 00:48 Uhr Artikel anh\u00f6ren(02:31 min) Kolumbianische&hellip;\n","protected":false},"author":2,"featured_media":1239257,"comment_status":"","ping_status":"","sticky":false,"template":"","format":"standard","meta":{"footnotes":"","_share_on_mastodon":"0"},"categories":[3977],"tags":[331,332,433,13,984,47040,14,15,12,1991,4017,4018,4016,64,4019,4020],"class_list":["post-1239256","post","type-post","status-publish","format-standard","has-post-thumbnail","category-usa","tag-aktuelle-nachrichten","tag-aktuelle-news","tag-drogen","tag-headlines","tag-international","tag-kolumbien","tag-nachrichten","tag-news","tag-schlagzeilen","tag-suedamerika","tag-united-states","tag-united-states-of-america","tag-us","tag-usa","tag-vereinigte-staaten","tag-vereinigte-staaten-von-amerika"],"share_on_mastodon":{"url":"https:\/\/pubeurope.com\/@de\/117102082120722258","error":""},"_links":{"self":[{"href":"https:\/\/www.europesays.com\/de\/wp-json\/wp\/v2\/posts\/1239256","targetHints":{"allow":["GET"]}}],"collection":[{"href":"https:\/\/www.europesays.com\/de\/wp-json\/wp\/v2\/posts"}],"about":[{"href":"https:\/\/www.europesays.com\/de\/wp-json\/wp\/v2\/types\/post"}],"author":[{"embeddable":true,"href":"https:\/\/www.europesays.com\/de\/wp-json\/wp\/v2\/users\/2"}],"replies":[{"embeddable":true,"href":"https:\/\/www.europesays.com\/de\/wp-json\/wp\/v2\/comments?post=1239256"}],"version-history":[{"count":0,"href":"https:\/\/www.europesays.com\/de\/wp-json\/wp\/v2\/posts\/1239256\/revisions"}],"wp:featuredmedia":[{"embeddable":true,"href":"https:\/\/www.europesays.com\/de\/wp-json\/wp\/v2\/media\/1239257"}],"wp:attachment":[{"href":"https:\/\/www.europesays.com\/de\/wp-json\/wp\/v2\/media?parent=1239256"}],"wp:term":[{"taxonomy":"category","embeddable":true,"href":"https:\/\/www.europesays.com\/de\/wp-json\/wp\/v2\/categories?post=1239256"},{"taxonomy":"post_tag","embeddable":true,"href":"https:\/\/www.europesays.com\/de\/wp-json\/wp\/v2\/tags?post=1239256"}],"curies":[{"name":"wp","href":"https:\/\/api.w.org\/{rel}","templated":true}]}}