{"id":1239295,"date":"2026-08-15T23:53:52","date_gmt":"2026-08-15T23:53:52","guid":{"rendered":"https:\/\/www.europesays.com\/de\/1239295\/"},"modified":"2026-08-15T23:53:52","modified_gmt":"2026-08-15T23:53:52","slug":"notarzt-sprintet-zu-jamal-musiala-auf-den-platz-schock-beim-fc-bayern-fussball","status":"publish","type":"post","link":"https:\/\/www.europesays.com\/de\/1239295\/","title":{"rendered":"Notarzt sprintet zu Jamal Musiala auf den Platz! Schock beim FC Bayern | Fu\u00dfball"},"content":{"rendered":"<p><b>Bange Momente in der Allianz Arena! Der FC Bayern gewinnt den Telekom Cup gegen RB Leipzig mit 3:1 \u2013 doch der Sieg wird von der Sorge um Jamal Musiala (23) \u00fcberschattet. Der DFB-Star geht in der 83. Minute auf dem Rasen zu Boden und bleibt zun\u00e4chst liegen. Sofort winken die Mitspieler medizinische Hilfe herbei, ein Notarzt sprintet auf den Platz.<\/b><\/p>\n<p>Im Stadion wird es pl\u00f6tzlich ganz still, w\u00e4hrend Musiala behandelt wird. Nach einigen Momenten hebt der Arzt schlie\u00dflich den Daumen. Die Fans rufen den Namen des Nationalspielers, der anschlie\u00dfend sichtlich benommen den Platz verl\u00e4sst. Bleibt zu hoffen, dass der Vorfall lediglich eine unsch\u00f6ne Folge der gro\u00dfen Hitze war. In M\u00fcnchen herrschen w\u00e4hrend der Partie 33 Grad.<\/p>\n<p>Nur wenige Minuten zuvor hatte Musiala selbst f\u00fcr den Endstand gesorgt. Nach Vorlage von Bayern-Deb\u00fctant Saibari trifft der Nationalspieler in der 81. Minute zum 3:1.<\/p>\n<p>Zuvor bringen Diaz (13.) und Brown (58.) die Bayern zweimal in F\u00fchrung. Leipzig gelingt zwischenzeitlich durch Gruda der Ausgleich (53.).<\/p>\n<p><b>Im SPORT-BILD-Ticker k\u00f6nnen Sie die Partie noch einmal nachverfolgen.<\/b><\/p>\n<ul class=\"live-ticker__list\">\n<li id=\"6a8084bfa87e8142c31d1294\" class=\"live-ticker__message\">\n<p>15.08.2026 &#8211; 17:24 Uhr <\/p>\n<p> Abpfiff!<\/p>\n<p>Die Bayern gewinnen den Telekom-Cup, schlagen Leipzig mit 3:1.<\/p>\n<\/li>\n<li id=\"6a808313169e8e32c0ae95f2\" class=\"live-ticker__message\">\n<p>15.08.2026 &#8211; 17:17 Uhr <\/p>\n<p> Schreck-Moment um Musiala!<\/p>\n<p>83. Minute: Pl\u00f6tzlich kippt Jamal Musiala um! Ein Notarzt rennt sofort los, um den Torsch\u00fctzen schnell zu behandeln. In der Arena wird es still, nach bangen Sekunden zeigt der Arzt den Daumen nach oben. Die Fans rufen seinen Namen, Musiala verl\u00e4sst anschlie\u00dfend benommen den Platz. <\/p>\n<\/li>\n<li id=\"6a80820ba87e8142c31d127a\" class=\"live-ticker__message\">\n<p>15.08.2026 &#8211; 17:13 Uhr <\/p>\n<p> 3:1! Musiala trifft<\/p>\n<p>81. Minute: Die Entscheidung! Saibari sammelt seinen ersten Scorerpunkt, legt am Strafraumrand auf Jamal Musiala ab. Der Schuss des DFB-Stars wird abgef\u00e4lscht und fliegt zum 3:1 ins Tor.<\/p>\n<\/li>\n<li id=\"6a8080df28e0c1c407f04048\" class=\"live-ticker__message\">\n<p>15.08.2026 &#8211; 17:08 Uhr <\/p>\n<p> Saibari s\u00e4belt Leipziger um<\/p>\n<p>76. Minute: Gleich mal eine ruppige Aktion vom Bayern-Deb\u00fctanten. Er h\u00e4lt im Zweikampf mit Banzuzi den Fu\u00df drauf und erwischt seinen Gegenspieler mit der Sohle am Schienbein. Gelbe Karte f\u00fcr den WM-Teilnehmer.<\/p>\n<\/li>\n<li id=\"6a807efdfff1ccc44dd68f9e\" class=\"live-ticker__message\">\n<p>15.08.2026 &#8211; 17:00 Uhr <\/p>\n<p> Kim muss raus, Saibari deb\u00fctiert<\/p>\n<p>70. Minute: F\u00fcr den Innenverteidiger geht es nicht weiter, Kim wird durch Ito ersetzt. Auch Ismael Saibari betritt den Rasen und kommt zu seinem ersten Bayern-Einsatz.<\/p>\n<\/li>\n<li id=\"6a807e7f28e0c1c407f0401f\" class=\"live-ticker__message\">\n<p>15.08.2026 &#8211; 16:58 Uhr <\/p>\n<p> N\u00e4chster Bayern-Star am Boden<\/p>\n<p>65. Minute: Jetzt wird Minjae Kim (29) behandelt. Der S\u00fcdkoreaner scheint Probleme am Oberschenkel zu haben.<\/p>\n<\/li>\n<li id=\"6a807cf3169e8e32c0ae9596\" class=\"live-ticker__message\">\n<p>15.08.2026 &#8211; 16:51 Uhr <\/p>\n<p> Reitz-Deb\u00fct<\/p>\n<p>59. Minute: Leipzigs 20-Millionen-Neuzugang Rocco Reitz (24) wird eingewechselt, absolviert seine ersten Minuten im RB-Trikot. Er kam im Juli von Gladbach zu den Sachsen.<\/p>\n<\/li>\n<li id=\"6a807c74fff1ccc44dd68f89\" class=\"live-ticker__message\">\n<p>15.08.2026 &#8211; 16:49 Uhr <\/p>\n<p> 2:1! Bayern wieder vorn<\/p>\n<p>57. Minute: Die schnelle Antwort! Nathaniel Brown (23) erzielt sein erstes Tor in der Allianz Arena. Der Ex-Frankfurter wird traumhaft von Pavlovic bedient und schlie\u00dft in die lange Ecke zum 2:1 ab.<\/p>\n<\/li>\n<li id=\"6a807b4dfff1ccc44dd68f7a\" class=\"live-ticker__message\">\n<p>15.08.2026 &#8211; 16:44 Uhr <\/p>\n<p> 1:1!<\/p>\n<p>52. Minute: Das hat sich angebahnt. RB belohnt sich f\u00fcr den guten Start in die zweite H\u00e4lfte und gleicht aus. Henrichs Flanke landet rechts im Strafraum bei Gruda, der per Aufsetzer zum 1:1 trifft.<\/p>\n<\/li>\n<li id=\"6a807abfa87e8142c31d1231\" class=\"live-ticker__message\">\n<p>15.08.2026 &#8211; 16:42 Uhr <\/p>\n<p> Leipzig trifft den Pfosten!<\/p>\n<p>50. Minute: Der eingewechselte Bakayoko legt richtig gut los. Sein zweiter Abschluss fliegt gegen den rechten Pfosten. Kurz darauf h\u00e4lt er mit dem Au\u00dfenrist drauf und scheitert an Neuer.<\/p>\n<\/li>\n<\/ul>\n","protected":false},"excerpt":{"rendered":"Bange Momente in der Allianz Arena! Der FC Bayern gewinnt den Telekom Cup gegen RB Leipzig mit 3:1&hellip;\n","protected":false},"author":2,"featured_media":1239296,"comment_status":"","ping_status":"","sticky":false,"template":"","format":"standard","meta":{"footnotes":"","_share_on_mastodon":"0"},"categories":[1832],"tags":[3364,29,538,458,347,30,71,5426,24705,9662,1655,859],"class_list":["post-1239295","post","type-post","status-publish","format-standard","has-post-thumbnail","category-leipzig","tag-de","tag-deutschland","tag-erste-bundesliga","tag-fc-bayern-muenchen","tag-fussball","tag-germany","tag-leipzig","tag-live-ticker","tag-nagelsmann-julian","tag-no-sport-app","tag-rb-leipzig","tag-sachsen"],"share_on_mastodon":{"url":"https:\/\/pubeurope.com\/@de\/117102226041447017","error":""},"_links":{"self":[{"href":"https:\/\/www.europesays.com\/de\/wp-json\/wp\/v2\/posts\/1239295","targetHints":{"allow":["GET"]}}],"collection":[{"href":"https:\/\/www.europesays.com\/de\/wp-json\/wp\/v2\/posts"}],"about":[{"href":"https:\/\/www.europesays.com\/de\/wp-json\/wp\/v2\/types\/post"}],"author":[{"embeddable":true,"href":"https:\/\/www.europesays.com\/de\/wp-json\/wp\/v2\/users\/2"}],"replies":[{"embeddable":true,"href":"https:\/\/www.europesays.com\/de\/wp-json\/wp\/v2\/comments?post=1239295"}],"version-history":[{"count":0,"href":"https:\/\/www.europesays.com\/de\/wp-json\/wp\/v2\/posts\/1239295\/revisions"}],"wp:featuredmedia":[{"embeddable":true,"href":"https:\/\/www.europesays.com\/de\/wp-json\/wp\/v2\/media\/1239296"}],"wp:attachment":[{"href":"https:\/\/www.europesays.com\/de\/wp-json\/wp\/v2\/media?parent=1239295"}],"wp:term":[{"taxonomy":"category","embeddable":true,"href":"https:\/\/www.europesays.com\/de\/wp-json\/wp\/v2\/categories?post=1239295"},{"taxonomy":"post_tag","embeddable":true,"href":"https:\/\/www.europesays.com\/de\/wp-json\/wp\/v2\/tags?post=1239295"}],"curies":[{"name":"wp","href":"https:\/\/api.w.org\/{rel}","templated":true}]}}