{"id":1239380,"date":"2026-08-16T00:48:19","date_gmt":"2026-08-16T00:48:19","guid":{"rendered":"https:\/\/www.europesays.com\/de\/1239380\/"},"modified":"2026-08-16T00:48:19","modified_gmt":"2026-08-16T00:48:19","slug":"bergische-universitaet-eroeffnet-ort-der-stille-am-campus-grifflenberg-blickfeld","status":"publish","type":"post","link":"https:\/\/www.europesays.com\/de\/1239380\/","title":{"rendered":"Bergische Universit\u00e4t er\u00f6ffnet \u201eOrt der Stille\u201c am Campus Grifflenberg &#8211; blickfeld"},"content":{"rendered":"<p class=\"wp-block-paragraph\">Der <strong>\u201eOrt der Stille\u201c<\/strong> ist laut der Bergischen Universit\u00e4t als offen gestalteter, interreligi\u00f6s und weltanschaulich <strong>neutraler Raum<\/strong> konzipiert. Er biete Gelegenheit zur individuellen Nutzung und zum stillen Verweilen und verstehe sich als ein <strong>Ort der Achtsamkeit und Besinnung<\/strong> f\u00fcr die <strong>gesamte Universit\u00e4tsgemeinschaft<\/strong>. Damit erg\u00e4nze er die <strong>bestehenden Aufenthalts- und Erholungsangebote<\/strong> auf dem Campus um eine \u201eneue Qualit\u00e4t der Ruhe\u201c.<\/p>\n<p>Campus Grifflenberg: \u201eOrt der Stille\u201c f\u00fcr bewusste Pausen und stille Momente<\/p>\n<p class=\"wp-block-paragraph\">Der Raum befindet sich direkt am <strong>Haupteingang des Campus Grifflenberg<\/strong> und ist <\/p>\n<ul class=\"wp-block-list\">\n<li><strong>montags bis freitags<\/strong> von 8 bis 22 Uhr,<\/li>\n<li><strong>samstags<\/strong> von 10 bis 22 Uhr und<\/li>\n<li><strong>sonntags <\/strong>von 10 bis 19 Uhr<\/li>\n<\/ul>\n<p class=\"wp-block-paragraph\"><strong>frei zug\u00e4nglich<\/strong>. <\/p>\n<p class=\"wp-block-paragraph\">Er ist <strong>nicht als Arbeits- oder Lernraum<\/strong> vorgesehen, sondern als <strong>Raum f\u00fcr bewusste Pausen<\/strong> und stille Momente. Diese klare <strong>Zweckbestimmung <\/strong>unterst\u00fctze die besondere Atmosph\u00e4re des Ortes und trage dazu bei, ihn als <strong>gesch\u00fctzten Raum der Ruhe<\/strong> f\u00fcr alle nutzbar zu machen.<\/p>\n<p><a href=\"https:\/\/www.europesays.com\/de\/wp-content\/uploads\/2026\/08\/raum-der-stille_buw-002.jpg\" data-slb-active=\"1\" data-slb-asset=\"266173618\" data-slb-internal=\"0\" data-slb-group=\"48045\"><img loading=\"lazy\" decoding=\"async\" width=\"1200\" height=\"800\" src=\"https:\/\/www.europesays.com\/de\/wp-content\/uploads\/2026\/08\/raum-der-stille_buw-002.jpg\" alt=\"\" class=\"wp-image-48049\"  \/><\/a><\/p>\n<p>Beitrag zur Aufenthaltsqualit\u00e4t auf dem Campus Grifflenberg<\/p>\n<p class=\"wp-block-paragraph\">Die Universit\u00e4t legt zudem besonderen Wert auf <strong>Gleichberechtigung<\/strong> und die <strong>Anerkennung aller geschlechtlichen Identit\u00e4ten<\/strong> sowie auf einen <strong>diskriminierungsfreien Umgang<\/strong>. \u201eMit dem \u201aOrt der Stille\u2018 schaffen wir einen Raum, der Entlastung erm\u00f6glicht und zur <strong>Aufenthaltsqualit\u00e4t <\/strong>auf dem Campus beitr\u00e4gt. Er erg\u00e4nzt das <strong>Campusleben <\/strong>um eine wichtige Dimension der Ruhe und Achtsamkeit\u201c, betont Uni-Rektorin <strong>Prof. Dr. Birgitta Wolff<\/strong>. \u00bb<a href=\"https:\/\/www.blickfeld-wuppertal.de\/ueber-uns\/blickfeld-redaktion\" rel=\"nofollow noopener\" target=\"_blank\">red<\/a>\u00ab<\/p>\n","protected":false},"excerpt":{"rendered":"Der \u201eOrt der Stille\u201c ist laut der Bergischen Universit\u00e4t als offen gestalteter, interreligi\u00f6s und weltanschaulich neutraler Raum konzipiert.&hellip;\n","protected":false},"author":2,"featured_media":1239381,"comment_status":"","ping_status":"","sticky":false,"template":"","format":"standard","meta":{"footnotes":"","_share_on_mastodon":"0"},"categories":[1840],"tags":[33950,3364,29,30,1209,16375,4418],"class_list":["post-1239380","post","type-post","status-publish","format-standard","has-post-thumbnail","category-wuppertal","tag-campus-grifflenberg","tag-de","tag-deutschland","tag-germany","tag-nordrhein-westfalen","tag-red","tag-wuppertal"],"share_on_mastodon":{"url":"https:\/\/pubeurope.com\/@de\/117102440030215633","error":""},"_links":{"self":[{"href":"https:\/\/www.europesays.com\/de\/wp-json\/wp\/v2\/posts\/1239380","targetHints":{"allow":["GET"]}}],"collection":[{"href":"https:\/\/www.europesays.com\/de\/wp-json\/wp\/v2\/posts"}],"about":[{"href":"https:\/\/www.europesays.com\/de\/wp-json\/wp\/v2\/types\/post"}],"author":[{"embeddable":true,"href":"https:\/\/www.europesays.com\/de\/wp-json\/wp\/v2\/users\/2"}],"replies":[{"embeddable":true,"href":"https:\/\/www.europesays.com\/de\/wp-json\/wp\/v2\/comments?post=1239380"}],"version-history":[{"count":0,"href":"https:\/\/www.europesays.com\/de\/wp-json\/wp\/v2\/posts\/1239380\/revisions"}],"wp:featuredmedia":[{"embeddable":true,"href":"https:\/\/www.europesays.com\/de\/wp-json\/wp\/v2\/media\/1239381"}],"wp:attachment":[{"href":"https:\/\/www.europesays.com\/de\/wp-json\/wp\/v2\/media?parent=1239380"}],"wp:term":[{"taxonomy":"category","embeddable":true,"href":"https:\/\/www.europesays.com\/de\/wp-json\/wp\/v2\/categories?post=1239380"},{"taxonomy":"post_tag","embeddable":true,"href":"https:\/\/www.europesays.com\/de\/wp-json\/wp\/v2\/tags?post=1239380"}],"curies":[{"name":"wp","href":"https:\/\/api.w.org\/{rel}","templated":true}]}}