{"id":1239402,"date":"2026-08-16T01:03:32","date_gmt":"2026-08-16T01:03:32","guid":{"rendered":"https:\/\/www.europesays.com\/de\/1239402\/"},"modified":"2026-08-16T01:03:32","modified_gmt":"2026-08-16T01:03:32","slug":"26-jaehriger-stirbt-bei-motorradunfall-onetz","status":"publish","type":"post","link":"https:\/\/www.europesays.com\/de\/1239402\/","title":{"rendered":"26-J\u00e4hriger stirbt bei Motorradunfall | Onetz"},"content":{"rendered":"<p>Am Samstagnachmittag kommt ein Mann mit seinem Motorrad von einer Stra\u00dfe in Berchtesgaden ab und stirbt.<\/p>\n<p><a href=\"https:\/\/www.onetz.de\/f\/ic\/ga-large\/articlemedia\/2026\/08\/16\/4734f5d5-1508-4505-a6ef-46459c86b45b.jpg\" class=\"ps-item\" data-psg=\"https:\/\/www.onetz.de\/deutschland-welt\/1\" data-size=\"960x493\" data-caption=\"&lt;div&gt;Bild: Stefan Puchner\/dpa&lt;\/div&gt;Am Samstagnachmittag ist ein 26 Jahre alter Motorradfahrer in &#010;Berchtesgaden verungl\u00fcckt. (Symbolbild)\" rel=\"nofollow noopener\" target=\"_blank\"><img loading=\"lazy\" decoding=\"async\" src=\"https:\/\/www.europesays.com\/de\/wp-content\/uploads\/2026\/08\/4734f5d5-1508-4505-a6ef-46459c86b45b.jpg\" alt=\"Am Samstagnachmittag ist ein 26 Jahre alter Motorradfahrer in &#10;Berchtesgaden verungl\u00fcckt. (Symbolbild) Bild: Stefan Puchner\/dpa\" title=\"\" width=\"805\" height=\"453\" class=\"img-responsive\"\/><\/a><\/p>\n<p>Am Samstagnachmittag ist ein 26 Jahre alter Motorradfahrer in<br \/>\nBerchtesgaden verungl\u00fcckt. (Symbolbild)<\/p>\n<p>Bild: Stefan Puchner\/dpa<\/p>\n<p>Bei einem Unfall auf der Ro\u00dffeld-Panoramastra\u00dfe in Berchtesgaden ist ein 26 Jahre alter Motorradfahrer gestorben. Wie die Polizei mitteilte, kam der Mann am Samstagnachmittag aus bisher ungekl\u00e4rter Ursache von der Stra\u00dfe ab und prallte gegen einen Holzzaun. Obwohl Menschen vor Ort sofort Erste Hilfe leisteten, starb der 26-J\u00e4hrige den Angaben zufolge noch an der Unfallstelle.<\/p>\n<p>\u00a9 dpa-infocom, dpa:260815-930-535826\/1<\/p>\n","protected":false},"excerpt":{"rendered":"Am Samstagnachmittag kommt ein Mann mit seinem Motorrad von einer Stra\u00dfe in Berchtesgaden ab und stirbt. Am Samstagnachmittag&hellip;\n","protected":false},"author":2,"featured_media":1239403,"comment_status":"","ping_status":"","sticky":false,"template":"","format":"standard","meta":{"footnotes":"","_share_on_mastodon":"0"},"categories":[2],"tags":[331,3924,332,3922,3613,772,3364,29,7488,30,13,14,3923,15,3921,12,7490],"class_list":["post-1239402","post","type-post","status-publish","format-standard","has-post-thumbnail","category-deutschland","tag-aktuelle-nachrichten","tag-aktuelle-nachrichten-aus-deutschland","tag-aktuelle-news","tag-aktuelle-news-aus-deutschland","tag-auto-und-verkehr","tag-bayern","tag-de","tag-deutschland","tag-dpa","tag-germany","tag-headlines","tag-nachrichten","tag-nachrichten-aus-deutschland","tag-news","tag-news-aus-deutschland","tag-schlagzeilen","tag-vermischtes"],"share_on_mastodon":{"url":"","error":""},"_links":{"self":[{"href":"https:\/\/www.europesays.com\/de\/wp-json\/wp\/v2\/posts\/1239402","targetHints":{"allow":["GET"]}}],"collection":[{"href":"https:\/\/www.europesays.com\/de\/wp-json\/wp\/v2\/posts"}],"about":[{"href":"https:\/\/www.europesays.com\/de\/wp-json\/wp\/v2\/types\/post"}],"author":[{"embeddable":true,"href":"https:\/\/www.europesays.com\/de\/wp-json\/wp\/v2\/users\/2"}],"replies":[{"embeddable":true,"href":"https:\/\/www.europesays.com\/de\/wp-json\/wp\/v2\/comments?post=1239402"}],"version-history":[{"count":0,"href":"https:\/\/www.europesays.com\/de\/wp-json\/wp\/v2\/posts\/1239402\/revisions"}],"wp:featuredmedia":[{"embeddable":true,"href":"https:\/\/www.europesays.com\/de\/wp-json\/wp\/v2\/media\/1239403"}],"wp:attachment":[{"href":"https:\/\/www.europesays.com\/de\/wp-json\/wp\/v2\/media?parent=1239402"}],"wp:term":[{"taxonomy":"category","embeddable":true,"href":"https:\/\/www.europesays.com\/de\/wp-json\/wp\/v2\/categories?post=1239402"},{"taxonomy":"post_tag","embeddable":true,"href":"https:\/\/www.europesays.com\/de\/wp-json\/wp\/v2\/tags?post=1239402"}],"curies":[{"name":"wp","href":"https:\/\/api.w.org\/{rel}","templated":true}]}}