{"id":1239495,"date":"2026-08-16T02:16:21","date_gmt":"2026-08-16T02:16:21","guid":{"rendered":"https:\/\/www.europesays.com\/de\/1239495\/"},"modified":"2026-08-16T02:16:21","modified_gmt":"2026-08-16T02:16:21","slug":"sollten-aufhoeren-so-denkt-kiel-trainer-walter-ueber-das-remis","status":"publish","type":"post","link":"https:\/\/www.europesays.com\/de\/1239495\/","title":{"rendered":"\u201eSollten aufh\u00f6ren&#8230;\u201c: So denkt Kiel-Trainer Walter \u00fcber das Remis"},"content":{"rendered":"<p>W\u00e4hrend die Kiezkicker sich nach dem 2:2 gegen Holstein Kiel \u00e4rgerten, zeigten sich die St\u00f6rche nach Abpfiff der Partie durchaus zufrieden. Kiel-Trainer Tim Walter, der sich in der vergangenen Woche noch extrem unzufrieden mit der zweiten H\u00e4lfte seiner Mannschaft gezeigt hatte, sprach nun davon, dass das Ergebnis \u201eOkay\u201c sei. Die Kieler hatten gegen Braun-Wei\u00df einen 0:2-Halbzeitstand noch aufholen k\u00f6nnen. Man d\u00fcrfe \u201enicht vergessen, wo wir herkommen\u201c, betonte Walter. In der vergangenen Saison habe sein Team lange gegen den Abstieg gek\u00e4mpft: \u201eF\u00fcr da, wo wir herkommen, ist das in Ordnung.\u201c Gegen die Darmst\u00e4dter Lilien habe die Mannschaft \u201e75 Prozent dominiert. Heute haben wir insgesamt dominiert\u201c, sagte Walter. \u00abWir sollten aber aufh\u00f6ren, Geschenke zu verteilen.\u201c<br \/>Gleichzeitig stellte er sich aber in gewohnter Manier vor seine Sch\u00fctzlinge: \u201eFehler sind menschlich, sie passieren immer wieder\u201c, sagte Walter. Als n\u00e4chstes geht es f\u00fcr die Kieler in der ersten Runde des DFB-Pokals gegen 1860 M\u00fcnchen.<\/p>\n","protected":false},"excerpt":{"rendered":"W\u00e4hrend die Kiezkicker sich nach dem 2:2 gegen Holstein Kiel \u00e4rgerten, zeigten sich die St\u00f6rche nach Abpfiff der&hellip;\n","protected":false},"author":2,"featured_media":422224,"comment_status":"","ping_status":"","sticky":false,"template":"","format":"standard","meta":{"footnotes":"","_share_on_mastodon":"0"},"categories":[1852],"tags":[3364,29,548,663,3934,30,13,10243,4949,14,15,12,1971,98617,29733],"class_list":["post-1239495","post","type-post","status-publish","format-standard","has-post-thumbnail","category-kiel","tag-de","tag-deutschland","tag-eu","tag-europa","tag-europe","tag-germany","tag-headlines","tag-holstein-kiel","tag-kiel","tag-nachrichten","tag-news","tag-schlagzeilen","tag-schleswig-holstein","tag-st-pauli-gegner","tag-tim-walter"],"share_on_mastodon":{"url":"https:\/\/pubeurope.com\/@de\/117102784615394612","error":""},"_links":{"self":[{"href":"https:\/\/www.europesays.com\/de\/wp-json\/wp\/v2\/posts\/1239495","targetHints":{"allow":["GET"]}}],"collection":[{"href":"https:\/\/www.europesays.com\/de\/wp-json\/wp\/v2\/posts"}],"about":[{"href":"https:\/\/www.europesays.com\/de\/wp-json\/wp\/v2\/types\/post"}],"author":[{"embeddable":true,"href":"https:\/\/www.europesays.com\/de\/wp-json\/wp\/v2\/users\/2"}],"replies":[{"embeddable":true,"href":"https:\/\/www.europesays.com\/de\/wp-json\/wp\/v2\/comments?post=1239495"}],"version-history":[{"count":0,"href":"https:\/\/www.europesays.com\/de\/wp-json\/wp\/v2\/posts\/1239495\/revisions"}],"wp:featuredmedia":[{"embeddable":true,"href":"https:\/\/www.europesays.com\/de\/wp-json\/wp\/v2\/media\/422224"}],"wp:attachment":[{"href":"https:\/\/www.europesays.com\/de\/wp-json\/wp\/v2\/media?parent=1239495"}],"wp:term":[{"taxonomy":"category","embeddable":true,"href":"https:\/\/www.europesays.com\/de\/wp-json\/wp\/v2\/categories?post=1239495"},{"taxonomy":"post_tag","embeddable":true,"href":"https:\/\/www.europesays.com\/de\/wp-json\/wp\/v2\/tags?post=1239495"}],"curies":[{"name":"wp","href":"https:\/\/api.w.org\/{rel}","templated":true}]}}