{"id":1239654,"date":"2026-08-16T04:15:18","date_gmt":"2026-08-16T04:15:18","guid":{"rendered":"https:\/\/www.europesays.com\/de\/1239654\/"},"modified":"2026-08-16T04:15:18","modified_gmt":"2026-08-16T04:15:18","slug":"paris-liebmann-schwimmt-wieder-was-geht-in-seinem-letzten-rennen","status":"publish","type":"post","link":"https:\/\/www.europesays.com\/de\/1239654\/","title":{"rendered":"Paris | Liebmann schwimmt wieder: Was geht in seinem letzten Rennen?"},"content":{"rendered":"<p>Paris (dpa) &#8211; Vor seinem n\u00e4chsten Auftritt im Centre Aquatique Olympique von Paris bem\u00fchte Weltrekordler Johannes Liebmann eine alte Sportlerphrase. \u00abIch habe nichts mehr zu verlieren, nur noch was zu gewinnen\u00bb, sagte der 19 Jahre alte Ausnahmeschwimmer vor dem abschlie\u00dfenden Rennen \u00fcber 400 Meter Freistil und hatte damit gewisserma\u00dfen in mehrerlei Hinsicht recht.<\/p>\n<p>Liebmanns Bestmarke von 14:26,79 Minuten \u00fcber 1500 Meter Freistil und seine EM-Titel auf jener Strecke sowie \u00fcber 800 Meter hat der Jungstar tats\u00e4chlich jetzt erstmal sicher. Zudem ist er einer der Hauptprotagonisten dieser Europameisterschaft. Und das bleibt Liebmann auch, egal, wie der Wettkampf heute ausgeht (Vorl\u00e4ufe ab 9.30 Uhr, Finals ab 18.30 Uhr\/ARD).<\/p>\n<p>Vier Deutsche schwimmen um h\u00f6chstens zwei Pl\u00e4tze<\/p>\n<p>\u00abIch muss gucken, wie gut ich noch in Form bin\u00bb, sagte Liebmann. \u00abIch werde auf jeden Fall alles geben im Vorlauf auch schon &#8211; weil, ich mein, wir sind zu viert als Deutsche da. Da m\u00fcssen wir schnell gehen.\u00bb In Liebmann, Weltrekordler Lukas M\u00e4rtens, Oliver Klemet und Sven Schwarz schickt das Team des Deutschen Schwimm-Verbands ein richtig starkes Quartett an den Start. Nur zwei Deutsche d\u00fcrfen aber ins Finale.<\/p>\n<p>\u00abDie 400 Kraul waren jetzt noch nie wirklich meine St\u00e4rke beziehungsweise nie so auf dem Niveau\u00bb, sagte Liebmann. \u00abOli und Lukas haben schnellere Bestzeiten als ich.\u00bb<\/p>\n<p>Liebmann berichtet von Zweifeln<\/p>\n<p>Nicht zum ersten Mal bei den Titelk\u00e4mpfen in der franz\u00f6sischen Hauptstadt gab sich Liebmann bescheiden. Der \u00fcberragende Langstreckenschwimmer im Becken bei dieser EM erkl\u00e4rte nach seinem grandiosen 1500-Meter-Rennen: \u00abEin bisschen Zweifel hatte ich jetzt tats\u00e4chlich vor den Beckenwettk\u00e4mpfen, weil ich hatte irgendwie das Gef\u00fchl, dass ich die letzten Wochen nicht so gut trainieren konnte.\u00bb<\/p>\n<p>Sein Trainer Bernd Berkhahn habe ihm die Zweifel jedoch ausgeredet. \u00abDu hast mega gut trainiert\u00bb, habe der Coach zu ihm gesagt. \u00abDas hat mir auch einfach Mut gegeben und dann habe ich ihm auch einfach recht gegeben. Es waren wirklich gute Zeiten, die ich so im Training hatte\u00bb, schilderte Liebmann und erg\u00e4nzte mit fast schon typischem Understatement: \u00abAber ansonsten schwimme ich eigentlich meistens nur mit den anderen mit und freue mich \u00fcber die Gesellschaft.\u00bb In Paris schwimmt er dagegen bisher allen davon.<\/p>\n","protected":false},"excerpt":{"rendered":"Paris (dpa) &#8211; Vor seinem n\u00e4chsten Auftritt im Centre Aquatique Olympique von Paris bem\u00fchte Weltrekordler Johannes Liebmann eine&hellip;\n","protected":false},"author":2,"featured_media":1239655,"comment_status":"","ping_status":"","sticky":false,"template":"","format":"standard","meta":{"footnotes":"","_share_on_mastodon":"0"},"categories":[1841],"tags":[20373,1605,3364,29,11403,663,156,30,1209],"class_list":["post-1239654","post","type-post","status-publish","format-standard","has-post-thumbnail","category-bielefeld","tag-schwimmen","tag-bielefeld","tag-de","tag-deutschland","tag-em","tag-europa","tag-frankreich","tag-germany","tag-nordrhein-westfalen"],"share_on_mastodon":{"url":"https:\/\/pubeurope.com\/@de\/117103252394815796","error":""},"_links":{"self":[{"href":"https:\/\/www.europesays.com\/de\/wp-json\/wp\/v2\/posts\/1239654","targetHints":{"allow":["GET"]}}],"collection":[{"href":"https:\/\/www.europesays.com\/de\/wp-json\/wp\/v2\/posts"}],"about":[{"href":"https:\/\/www.europesays.com\/de\/wp-json\/wp\/v2\/types\/post"}],"author":[{"embeddable":true,"href":"https:\/\/www.europesays.com\/de\/wp-json\/wp\/v2\/users\/2"}],"replies":[{"embeddable":true,"href":"https:\/\/www.europesays.com\/de\/wp-json\/wp\/v2\/comments?post=1239654"}],"version-history":[{"count":0,"href":"https:\/\/www.europesays.com\/de\/wp-json\/wp\/v2\/posts\/1239654\/revisions"}],"wp:featuredmedia":[{"embeddable":true,"href":"https:\/\/www.europesays.com\/de\/wp-json\/wp\/v2\/media\/1239655"}],"wp:attachment":[{"href":"https:\/\/www.europesays.com\/de\/wp-json\/wp\/v2\/media?parent=1239654"}],"wp:term":[{"taxonomy":"category","embeddable":true,"href":"https:\/\/www.europesays.com\/de\/wp-json\/wp\/v2\/categories?post=1239654"},{"taxonomy":"post_tag","embeddable":true,"href":"https:\/\/www.europesays.com\/de\/wp-json\/wp\/v2\/tags?post=1239654"}],"curies":[{"name":"wp","href":"https:\/\/api.w.org\/{rel}","templated":true}]}}