{"id":1239662,"date":"2026-08-16T04:23:26","date_gmt":"2026-08-16T04:23:26","guid":{"rendered":"https:\/\/www.europesays.com\/de\/1239662\/"},"modified":"2026-08-16T04:23:26","modified_gmt":"2026-08-16T04:23:26","slug":"ukraine-news-neue-russische-raktetenangriffe-auf-kiew","status":"publish","type":"post","link":"https:\/\/www.europesays.com\/de\/1239662\/","title":{"rendered":"Ukraine-News: Neue russische Raktetenangriffe auf Kiew"},"content":{"rendered":"<p>        <img decoding=\"async\" src=\"https:\/\/www.europesays.com\/de\/wp-content\/uploads\/2026\/08\/russische-raketenangriffe-auf-kiew-100.webp\" alt=\"Flammen und Rauch sind nach einem russischen Raketenangriff zu sehen.\" title=\"Flammen und Rauch sind nach einem russischen Raketenangriff zu sehen. | Efrem Lukatsky\" class=\"responsive\"\/><\/p>\n<p class=\"topline\">Ukraine-News<\/p>\n<p class=\"author\">von MDR AKTUELL<\/p>\n<p>\n                Stand: 16.08.2026 06:02 Uhr<\/p>\n<p>        <img decoding=\"async\" src=\"https:\/\/www.europesays.com\/de\/wp-content\/uploads\/2026\/08\/google-handy-100.webp\" alt=\"Ein Handy liegt auf einer Laptoptastatur. Das Display zeigt das Google Logo\" title=\"Ein Handy liegt auf einer Laptoptastatur. Das Display zeigt das Google Logo |  IMAGO \/ SOPA Images\" class=\"responsive\" loading=\"lazy\"\/><\/p>\n<p>Nachrichten personalisieren<\/p>\n<p>\n        05:15 Uhr\n    <\/p>\n<p>    Spanischer Kampfjet schie\u00dft Drohne \u00fcber Rum\u00e4nien ab<\/p>\n<p class=\"\">Ein spanischer F-18-Kampfjet hat im Rahmen einer Nato-Mission eine Drohne \u00fcber Rum\u00e4nien abgeschossen. Das Nato-Mitglied grenzt an die Ukraine. Die Drohne habe den nationalen Luftraum illegal verletzt, teilte das rum\u00e4nische Verteidigungsministerium mit. Es sei bereits die vierte in diesem Jahr abgeschossene Drohne. Zur Herkunft machte das Ministerium keine Angaben. (Quelle: Reuters)<\/p>\n<p>\n        04:04 Uhr\n    <\/p>\n<p>    Russland beschie\u00dft Kiew erneut mit ballistischen Raketen<\/p>\n<p class=\"\">Russland hat die ukrainische Hauptstadt Kiew erneut mit ballistischen Raketen angegriffen. Es gebe Explosionen in der Stadt, schrieb B\u00fcrgermeister Vitali Klitschko auf der Plattform Telegram. Mindestens ein Mensch wurde verletzt. Klitschko rief die Einwohner auf, in den Schutzr\u00e4umen zu bleiben. In zwei Stadtbezirken gebe es Br\u00e4nde. Herabfallende Tr\u00fcmmer h\u00e4tten zudem mehrere Autos in Brand gesetzt.<\/p>\n<p>Die ukrainische Luftwaffe berichtete auf Telegram zudem von Angriffen mit Raketen, Gleitbomben und Drohnen auf andere Landesteile, unter anderem auf die Industriest\u00e4dte Krementschuk und Krywyj Rih.<\/p>\n<p class=\"\">Derweil erkl\u00e4rte Moskaus B\u00fcrgermeister Sergej Sobjanin im staatlich unterst\u00fctzten Messengerdienst Max, dass die russischen Streitkr\u00e4fte rund 28 Drohnen abgeschossen h\u00e4tten, die in Richtung der russischen Hauptstadt geflogen seien.(Quelle: dpa, AFP, Reuters)<\/p>\n<p>\n        15.08.2026 00:05 Uhr\n    <\/p>\n<p>    Die Ereignisse gestern \u2013 15. August 2026<\/p>\n<p class=\"\">Die ukrainische Armee will im Kampf gegen Russland k\u00fcnftig selbstentwickelte Gleitbomben einsetzen. Dem Leiter der Abteilung Innovation der ukrainischen Streitkr\u00e4fte zufolge werden mehrere Varianten dieser Pr\u00e4zisionswaffe entwickelt, damit die Ukraine auf den massenhaften Einsatz russischer Gleitbomben entsprechend antworten k\u00f6nne.<\/p>\n<p class=\"\">Russische Beh\u00f6rden haben einen ukrainischen Angriff auf Industrieanlagen in der russischen Region Samara best\u00e4tigt. Der ukrainische Pr\u00e4sident Wolodymyr Selenskyj berichtete seinerseits auf X von einem Schlag mit Flamingo-Marschflugk\u00f6rpern gegen das russische Weltraumprogramm.<\/p>\n<p class=\"\">In der ukrainischen Stadt Marhanez ist bei einem russischen Angriff ein S\u00e4ugling get\u00f6tet worden. Nach Beh\u00f6rdenangaben kam der drei Monate alte Junge beim Einschlag einer Drohne in ein Wohnhaus ums Leben.<\/p>\n<p>\n        15.08.2026 00:00 Uhr\n    <\/p>\n<p>    Ukraine-News am Sonntag, 16. August 2026<\/p>\n<p class=\"\">Guten Tag! In unseren Ukraine-News halten wir Sie weiterhin \u00fcber die Entwicklungen im Krieg gegen die Ukraine auf dem aktuellen Stand. Alle wichtigen Nachrichten dazu erscheinen hier im Lauf des <a name=\"weitere-nachrichten\">Tag<\/a>es.<\/p>\n<p class=\"\">Die Berichterstattung \u00fcber den Russland-Ukraine-Krieg ist komplex. Angaben zu Kriegsverlauf, Beschuss und Opfern durch offizielle Stellen der russischen und der ukrainischen Konfliktparteien k\u00f6nnen in der aktuellen Lage nicht unmittelbar von unabh\u00e4ngiger Stelle \u00fcberpr\u00fcft werden. Es gibt eine Vielzahl von Medienvertretern vor Ort, darunter auch unabh\u00e4ngige Journalisten aus verschiedenen L\u00e4ndern. Bei der Bewertung von Informationen sind verschiedene Quellen und eine kritische Haltung unerl\u00e4sslich, um ein m\u00f6glichst umfassendes Bild zu erhalten. Alles das ber\u00fccksichtigt der MDR in seinen Berichten \u00fcber den Russland-Ukraine-Krieg.<\/p>\n<p>        <img decoding=\"async\" src=\"https:\/\/www.europesays.com\/de\/wp-content\/uploads\/2026\/06\/ukraine-276.webp\" alt=\"Rettungskr\u00e4fte beseitigen Tr\u00fcmmer und suchen nach Menschen in einem Wohnblock, der von einer Rakete getroffen wurde.\" title=\"Rettungskr\u00e4fte beseitigen Tr\u00fcmmer und suchen nach Menschen in einem Wohnblock, der von einer Rakete getroffen wurde. | picture alliance\/dpa\/Ukrinform | -\" class=\"responsive\" loading=\"lazy\"\/><\/p>\n<p>        <img decoding=\"async\" src=\"https:\/\/www.europesays.com\/de\/wp-content\/uploads\/2026\/06\/podcast-cover-was-tun-herr-general-100.webp\" alt=\"Der fr\u00fchere NATO-General und Generalleutnant a.D. Erhard B\u00fchler\" title=\"Der fr\u00fchere NATO-General und Generalleutnant a.D. Erhard B\u00fchler | MDR \/ Erhard B\u00fchler \" class=\"responsive\" loading=\"lazy\"\/><\/p>\n<p>        <img decoding=\"async\" src=\"https:\/\/www.europesays.com\/de\/wp-content\/uploads\/2026\/06\/podcast-putins-krieg-100.webp\" alt=\"Podcast Putins Krieg\" title=\"Podcast Putins Krieg | dpa\/MDR\" class=\"responsive\" loading=\"lazy\"\/><\/p>\n","protected":false},"excerpt":{"rendered":"Ukraine-News von MDR AKTUELL Stand: 16.08.2026 06:02 Uhr Nachrichten personalisieren 05:15 Uhr Spanischer Kampfjet schie\u00dft Drohne \u00fcber Rum\u00e4nien&hellip;\n","protected":false},"author":2,"featured_media":1239663,"comment_status":"","ping_status":"","sticky":false,"template":"","format":"standard","meta":{"footnotes":"","_share_on_mastodon":"0"},"categories":[4013],"tags":[331,332,1479,256596,257029,13,4046,122263,14,15,34391,257028,9827,1125,4043,4044,850,307,12,61177,208903,116,317],"class_list":["post-1239662","post","type-post","status-publish","format-standard","has-post-thumbnail","category-russland","tag-aktuelle-nachrichten","tag-aktuelle-news","tag-drohnenangriff","tag-forschungsstelle","tag-getreideexporte","tag-headlines","tag-krieg","tag-lebensmittelversorgung","tag-nachrichten","tag-news","tag-noworossijsk","tag-oelexporte","tag-osteuropa","tag-rohoel","tag-russia","tag-russian-federation","tag-russische-foederation","tag-russland","tag-schlagzeilen","tag-schlosberg","tag-schwarzmeerhaefen","tag-selenskyj","tag-ukraine"],"share_on_mastodon":{"url":"https:\/\/pubeurope.com\/@de\/117103286571362822","error":""},"_links":{"self":[{"href":"https:\/\/www.europesays.com\/de\/wp-json\/wp\/v2\/posts\/1239662","targetHints":{"allow":["GET"]}}],"collection":[{"href":"https:\/\/www.europesays.com\/de\/wp-json\/wp\/v2\/posts"}],"about":[{"href":"https:\/\/www.europesays.com\/de\/wp-json\/wp\/v2\/types\/post"}],"author":[{"embeddable":true,"href":"https:\/\/www.europesays.com\/de\/wp-json\/wp\/v2\/users\/2"}],"replies":[{"embeddable":true,"href":"https:\/\/www.europesays.com\/de\/wp-json\/wp\/v2\/comments?post=1239662"}],"version-history":[{"count":0,"href":"https:\/\/www.europesays.com\/de\/wp-json\/wp\/v2\/posts\/1239662\/revisions"}],"wp:featuredmedia":[{"embeddable":true,"href":"https:\/\/www.europesays.com\/de\/wp-json\/wp\/v2\/media\/1239663"}],"wp:attachment":[{"href":"https:\/\/www.europesays.com\/de\/wp-json\/wp\/v2\/media?parent=1239662"}],"wp:term":[{"taxonomy":"category","embeddable":true,"href":"https:\/\/www.europesays.com\/de\/wp-json\/wp\/v2\/categories?post=1239662"},{"taxonomy":"post_tag","embeddable":true,"href":"https:\/\/www.europesays.com\/de\/wp-json\/wp\/v2\/tags?post=1239662"}],"curies":[{"name":"wp","href":"https:\/\/api.w.org\/{rel}","templated":true}]}}