{"id":1239793,"date":"2026-08-16T06:08:33","date_gmt":"2026-08-16T06:08:33","guid":{"rendered":"https:\/\/www.europesays.com\/de\/1239793\/"},"modified":"2026-08-16T06:08:33","modified_gmt":"2026-08-16T06:08:33","slug":"der-nordkoreanische-machthaber-erwartet-noch-bessere-beziehungen-zu-russland","status":"publish","type":"post","link":"https:\/\/www.europesays.com\/de\/1239793\/","title":{"rendered":"Der nordkoreanische Machthaber erwartet \u201enoch bessere\u201c Beziehungen zu Russland."},"content":{"rendered":"<tr>\n<td><img decoding=\"async\" src=\"https:\/\/www.europesays.com\/de\/wp-content\/uploads\/2026\/08\/1786853465921_chu-tich-kim-jong-un-trieu-tien-nga-co-moi-quan-he-dong-doi-bat-kha-chien-bai-20240612.jpeg\" class=\"__img_mastercms\" alt=\"Nh\u00e0 l\u00e3nh \u0111\u1ea1o Tri\u1ec1u Ti\u00ean k\u1ef3 v\u1ecdng v\u00e0o m\u1ed1i quan h\u1ec7 t\u1ed1t \u0111\u1eb9p h\u01a1n n\u1eefa v\u1edbi Nga\" style=\"max-width:100%; padding:0px; margin:0px;;cursor:pointer\" title=\"Der nordkoreanische Machthaber hofft auf noch bessere Beziehungen zu Russland.\"\/><\/td>\n<\/tr>\n<tr>\n<td> Der nordkoreanische Machthaber Kim Jong Un traf sich im September 2023 mit dem russischen Pr\u00e4sidenten Wladimir Putin auf dem Kosmodrom Wostotschny in der Region Amur im russischen Fernen Osten.<\/td>\n<\/tr>\n<p> Konkret schrieb Kim Jong-un in einer Nachricht vom 15. August: \u201eIch bin immer stolz darauf, einer noch besseren Zukunft f\u00fcr die bilateralen Beziehungen entgegensehen zu k\u00f6nnen, indem ich die Beziehungen zwischen Nordkorea und Russland gemeinsam mit Ihnen gestalte, die eine Geschichte des gemeinsamen Kampfes f\u00fcr Gerechtigkeit und wertvolle Traditionen der Freundschaft geerbt haben.\u201c<\/p>\n<p>Das k\u00f6nnte Sie interessieren<\/p>\n<p> Laut KCNA \u00e4u\u00dferte Kim Jong Un diese Erwartung in einem Brief, in dem er auf die Gl\u00fcckwunschbotschaft von Pr\u00e4sident Putin zum 81. Jahrestag der Befreiung Koreas von <a class=\"data-link\" data-org-href=\"https:\/\/www.vietnam.vn\/de\/tag\/nhat-ban\" href=\"https:\/\/www.vietnam.vn\/de\/tag\/nhat-ban\" title=\"Japan\" target=\"_blank\" rel=\"nofollow noopener\">der japanischen<\/a> Herrschaft (1910-1945) antwortete.<\/p>\n<p> Kim Jong Un brachte au\u00dferdem seine \u201efeste \u00dcberzeugung\u201c zum Ausdruck, dass Russland die \u201eheilige Aufgabe, <a class=\"data-link\" data-org-href=\"https:\/\/www.vietnam.vn\/de\/category\/chu-quyen\" href=\"https:\/\/www.vietnam.vn\/de\/category\/chu-quyen\" title=\"Souver\u00e4nit\u00e4t\" target=\"_blank\" rel=\"nofollow noopener\">die Souver\u00e4nit\u00e4t<\/a> , die Sicherheitsinteressen und die territoriale Integrit\u00e4t des Landes zu sch\u00fctzen\u201c, erf\u00fcllen werde.<\/p>\n<p> Diese Botschaft kommt zu einem Zeitpunkt, an dem die beiden L\u00e4nder ihre Beziehungen seit der Unterzeichnung des umfassenden strategischen Partnerschaftsabkommens im Jahr 2024 verst\u00e4rkt haben, welches die Grundlage f\u00fcr Nordkoreas milit\u00e4rische Unterst\u00fctzung Russlands im Krieg in der <a class=\"data-link\" data-org-href=\"https:\/\/www.vietnam.vn\/de\/tag\/ukraine\" href=\"https:\/\/www.vietnam.vn\/de\/tag\/ukraine\" title=\"Ukraine\" target=\"_blank\" rel=\"nofollow noopener\">Ukraine<\/a> bildete.<\/p>\n<p>Das k\u00f6nnte Sie interessieren<\/p>\n<p> Am 15. August besuchte Kim Jong-un das Denkmal f\u00fcr die sowjetischen Soldaten, die im Zweiten Weltkrieg gegen Japan gek\u00e4mpft hatten. Es war das dritte Mal, dass der nordkoreanische Machthaber den Ort am Tag der Befreiung besuchte.<\/p>\n<p class=\"mb-0\"> Quelle: https:\/\/baoquocte.vn\/nha-lanh-dao-trieu-tien-ky-vong-vao-moi-quan-he-tot-dep-hon-nua-voi-nga-432169.html<\/p>\n","protected":false},"excerpt":{"rendered":"Der nordkoreanische Machthaber Kim Jong Un traf sich im September 2023 mit dem russischen Pr\u00e4sidenten Wladimir Putin auf&hellip;\n","protected":false},"author":2,"featured_media":1239794,"comment_status":"","ping_status":"","sticky":false,"template":"","format":"standard","meta":{"footnotes":"","_share_on_mastodon":"0"},"categories":[4013],"tags":[331,332,248996,223611,31254,13,7370,14,15,257040,4043,4044,850,307,12],"class_list":["post-1239793","post","type-post","status-publish","format-standard","has-post-thumbnail","category-russland","tag-aktuelle-nachrichten","tag-aktuelle-news","tag-beziehungen-zwischen-russland-und-nordkorea","tag-der-russische-praesident-wladimir-putin","tag-gewaehlt","tag-headlines","tag-kim-jong-un","tag-nachrichten","tag-news","tag-nordkoreanischer-fuehrer-kim-jong-un","tag-russia","tag-russian-federation","tag-russische-foederation","tag-russland","tag-schlagzeilen"],"share_on_mastodon":{"url":"https:\/\/pubeurope.com\/@de\/117103698422561360","error":""},"_links":{"self":[{"href":"https:\/\/www.europesays.com\/de\/wp-json\/wp\/v2\/posts\/1239793","targetHints":{"allow":["GET"]}}],"collection":[{"href":"https:\/\/www.europesays.com\/de\/wp-json\/wp\/v2\/posts"}],"about":[{"href":"https:\/\/www.europesays.com\/de\/wp-json\/wp\/v2\/types\/post"}],"author":[{"embeddable":true,"href":"https:\/\/www.europesays.com\/de\/wp-json\/wp\/v2\/users\/2"}],"replies":[{"embeddable":true,"href":"https:\/\/www.europesays.com\/de\/wp-json\/wp\/v2\/comments?post=1239793"}],"version-history":[{"count":0,"href":"https:\/\/www.europesays.com\/de\/wp-json\/wp\/v2\/posts\/1239793\/revisions"}],"wp:featuredmedia":[{"embeddable":true,"href":"https:\/\/www.europesays.com\/de\/wp-json\/wp\/v2\/media\/1239794"}],"wp:attachment":[{"href":"https:\/\/www.europesays.com\/de\/wp-json\/wp\/v2\/media?parent=1239793"}],"wp:term":[{"taxonomy":"category","embeddable":true,"href":"https:\/\/www.europesays.com\/de\/wp-json\/wp\/v2\/categories?post=1239793"},{"taxonomy":"post_tag","embeddable":true,"href":"https:\/\/www.europesays.com\/de\/wp-json\/wp\/v2\/tags?post=1239793"}],"curies":[{"name":"wp","href":"https:\/\/api.w.org\/{rel}","templated":true}]}}