{"id":1239941,"date":"2026-08-16T07:50:29","date_gmt":"2026-08-16T07:50:29","guid":{"rendered":"https:\/\/www.europesays.com\/de\/1239941\/"},"modified":"2026-08-16T07:50:29","modified_gmt":"2026-08-16T07:50:29","slug":"frankreichs-verfassungsrat-billigt-sterbehilfe-mit-vorbehalten","status":"publish","type":"post","link":"https:\/\/www.europesays.com\/de\/1239941\/","title":{"rendered":"Frankreichs Verfassungsrat billigt Sterbehilfe &#8211; mit Vorbehalten"},"content":{"rendered":"<p>Die Erlaubnis f\u00fcr aktive Sterbehilfe hat in Frankreich auch die letzte H\u00fcrde genommen. Der Verfassungsrat billigte am Freitagabend das vom Parlament Mitte Juli verabschiedete Gesetz. Kein einziger der vorgelegten Artikel sei verfassungswidrig. Aber es gibt Einschr\u00e4nkungen.<\/p>\n<p>     <a href=\"https:\/\/www.vaticannews.va\/de\/welt\/news\/2026-07\/frankreich-sterbehilfe-gewissen-pflegeeinrichtungen.html\" title=\"Sterbehilfe-Gesetz in Frankreich: Ruf nach Gewissensschutz\" rel=\"nofollow noopener\" target=\"_blank\"><\/p>\n<p>        <img decoding=\"async\" src=\"data:image\/gif;base64,R0lGODlhAQABAIAAAAAAAP\/\/\/yH5BAEAAAAALAAAAAABAAEAAAIBRAA7\" data-original=\"https:\/\/www.vaticannews.va\/content\/dam\/vaticannews\/multimedia\/2019\/01\/28\/AdobeStock_190830977.jpeg\/_jcr_content\/renditions\/cq5dam.thumbnail.cropped.500.281.jpeg\" alt=\"Sterbehilfe-Gesetz in Frankreich: Ruf nach Gewissensschutz\"\/><\/p>\n<p>      <\/a><\/p>\n<p>\n      Nachdem das Gesetz zur Sterbehilfe in Frankreich endg\u00fcltig verabschiedet wurde, kritisiert ein bislang einzigartiger Zusammenschluss von 150 Leitern christlich gepr\u00e4gter &#8230;\n     <\/p>\n<p>Das Gremium \u00e4u\u00dferte drei Vorbehalte zu den vorliegenden Bestimmungen. Der erste betreffe die Schutzgarantie f\u00fcr vollj\u00e4hrige Personen, die unter rechtlicher Betreuung einer anderen Person stehen. So m\u00fcsse gew\u00e4hrleistet sein, dass der Arzt, bei dem der Antrag auf Sterbehilfe eingereicht wurde, zus\u00e4tzlich auch die Stellungnahme der betreuenden Person einhole und in der Entscheidungsfindung beachte.<\/p>\n<p>Gewissensklausel auch f\u00fcr Apotheker <\/p>\n<p>Die weiteren Vorbehalte betreffen die sogenannte Gewissensklausel. Dadurch k\u00f6nnen Medizinerinnen und Mediziner sowie auch Einrichtungen der Altenpflege, in denen sich Personen mit dem Wunsch nach Suizidbeihilfe befinden, den Sterbehilfewunsch ablehnen. Diese Klausel m\u00fcsse zum einen auch auf Apothekerinnen und Apotheker ausgeweitet werden, die nicht zur Herstellung der notwendigen Medikamente gedr\u00e4ngt werden d\u00fcrften. Zum anderen m\u00fcsse Einrichtungen und Personal weiterhin die M\u00f6glichkeit einger\u00e4umt werden, die Durchf\u00fchrung von Suizidbeihilfe abzulehnen.<\/p>\n<p>Die kontrovers diskutierte Neuregelung der Sterbehilfe war f\u00fcr Frankreichs Pr\u00e4sident Emmanuel Macron eines der gro\u00dfen gesellschaftspolitischen Projekte. Unmittelbar vor der parlamentarischen Sommerpause hatte die Nationalversammlung am 15. Juli mit 291 zu 241 Stimmen gr\u00fcnes Licht f\u00fcr den Gesetzentwurf gegeben.<\/p>\n<p>Das neue Gesetz gestattet Erwachsenen mit schwersten Erkrankungen die Einnahme t\u00f6dlicher Medikamente. Wenn es der k\u00f6rperliche Zustand den Betroffenen nicht m\u00f6glich macht, die Medikamente selbstst\u00e4ndig zu nehmen, sollen sie sich von einer Person ihrer Wahl, von einem Arzt oder einer Pflegekraft helfen lassen k\u00f6nnen.<\/p>\n<p>Konkret sieht der Gesetzentwurf vor, dass schwerstkranke Patienten einen Antrag auf ein t\u00f6dliches Medikament stellen k\u00f6nnen sollen. \u00c4rzte m\u00fcssen best\u00e4tigen, dass die Betroffenen an einer schweren, unheilbaren und schmerzhaften Krankheit leiden und aus freien St\u00fccken ihr Leben beenden m\u00f6chten.<\/p>\n<p>Protest der Kirche <\/p>\n<p>Vor allem konservative Abgeordnete und die katholische Kirche hatten sich entschieden, aber letztlich vergeblich gegen die Vorlage gestemmt. Die Gesetzgeber h\u00e4tten damit \u201edie M\u00f6glichkeit, den Tod herbeizuf\u00fchren, im franz\u00f6sischen Recht verankert\u201c, schreiben der Vorsitzende der franz\u00f6sischen Bischofskonferenz, Kardinal Jean-Marc Aveline, und seine beiden Stellvertreter, die Bisch\u00f6fe Vincent Jordy und Beno\u00eet Bertrand, in einer Erkl\u00e4rung nach der Nationalratsabstimmung. Diese Entscheidung breche \u201emit der langj\u00e4hrigen Tradition der F\u00fcrsorge, (&#8230;) Leid zu lindern und jeden Menschen bis zum nat\u00fcrlichen Ende seines Lebens zu begleiten&#8220;.<\/p>\n<p>(kna &#8211; cs)<\/p>\n","protected":false},"excerpt":{"rendered":"Die Erlaubnis f\u00fcr aktive Sterbehilfe hat in Frankreich auch die letzte H\u00fcrde genommen. Der Verfassungsrat billigte am Freitagabend&hellip;\n","protected":false},"author":2,"featured_media":1239942,"comment_status":"","ping_status":"","sticky":false,"template":"","format":"standard","meta":{"footnotes":"","_share_on_mastodon":"0"},"categories":[3974],"tags":[331,332,548,663,3934,3980,156,13,6590,14,15,16,12,10517],"class_list":["post-1239941","post","type-post","status-publish","format-standard","has-post-thumbnail","category-frankreich","tag-aktuelle-nachrichten","tag-aktuelle-news","tag-eu","tag-europa","tag-europe","tag-france","tag-frankreich","tag-headlines","tag-katholische-kirche","tag-nachrichten","tag-news","tag-politik","tag-schlagzeilen","tag-solidaritaet"],"share_on_mastodon":{"url":"https:\/\/pubeurope.com\/@de\/117104097746056653","error":""},"_links":{"self":[{"href":"https:\/\/www.europesays.com\/de\/wp-json\/wp\/v2\/posts\/1239941","targetHints":{"allow":["GET"]}}],"collection":[{"href":"https:\/\/www.europesays.com\/de\/wp-json\/wp\/v2\/posts"}],"about":[{"href":"https:\/\/www.europesays.com\/de\/wp-json\/wp\/v2\/types\/post"}],"author":[{"embeddable":true,"href":"https:\/\/www.europesays.com\/de\/wp-json\/wp\/v2\/users\/2"}],"replies":[{"embeddable":true,"href":"https:\/\/www.europesays.com\/de\/wp-json\/wp\/v2\/comments?post=1239941"}],"version-history":[{"count":0,"href":"https:\/\/www.europesays.com\/de\/wp-json\/wp\/v2\/posts\/1239941\/revisions"}],"wp:featuredmedia":[{"embeddable":true,"href":"https:\/\/www.europesays.com\/de\/wp-json\/wp\/v2\/media\/1239942"}],"wp:attachment":[{"href":"https:\/\/www.europesays.com\/de\/wp-json\/wp\/v2\/media?parent=1239941"}],"wp:term":[{"taxonomy":"category","embeddable":true,"href":"https:\/\/www.europesays.com\/de\/wp-json\/wp\/v2\/categories?post=1239941"},{"taxonomy":"post_tag","embeddable":true,"href":"https:\/\/www.europesays.com\/de\/wp-json\/wp\/v2\/tags?post=1239941"}],"curies":[{"name":"wp","href":"https:\/\/api.w.org\/{rel}","templated":true}]}}