{"id":1239959,"date":"2026-08-16T08:02:17","date_gmt":"2026-08-16T08:02:17","guid":{"rendered":"https:\/\/www.europesays.com\/de\/1239959\/"},"modified":"2026-08-16T08:02:17","modified_gmt":"2026-08-16T08:02:17","slug":"mit-comeback-an-die-spitze-club-euphorie-nach-derby-coup","status":"publish","type":"post","link":"https:\/\/www.europesays.com\/de\/1239959\/","title":{"rendered":"Mit Comeback an die Spitze: \u201eClub\u201c-Euphorie nach Derby-Coup"},"content":{"rendered":"<p>Von einer Spitzenmannschaft wollte Miroslav Klose auch in der Euphorie nach dem sehenswerten Derby-Sieg seiner N\u00fcrnberger noch nicht sprechen. \u201eDas ist schwierig\u201c, meinte der \u201eClub\u201c-Coach, \u201evielleicht kann man nach f\u00fcnf bis sieben Spieltagen dazu ein bisschen was sagen.\u201c Der einstige Weltklassest\u00fcrmer wei\u00df, dass sich nach nur zwei Partien kaum R\u00fcckschl\u00fcsse auf ein m\u00f6gliches Aufstiegsrennen in die Fu\u00dfball-Bundesliga ableiten lassen.<\/p>\n<p>Dennoch k\u00f6nnte der 4:2 (2:2)-Erfolg ausw\u00e4rts bei Erzrivale SpVgg Greuther F\u00fcrth ein kleines Indiz sein, in welche Richtung es f\u00fcr den 1. FC N\u00fcrnberg im dritten Jahr unter Klose geht. Der Coach sprang seinem b\u00e4renstarken Torh\u00fcter und Elfmeterkiller Jan Reichert nach dem Schlusspfiff in die Arme. Lange lie\u00dfen sich die \u201eClub\u201c-Profis um die beiden Doppelpack-Torsch\u00fctzen Piet Scobel und Julian Justvan vor den Fans feiern. \u201eSpitzenreiter, Spitzenreiter, hey hey!\u201c, skandierten die Anh\u00e4nger eingeh\u00fcllt in rotem Pyro-Rauch.<\/p>\n<p>Klose schw\u00e4rmt von \u201eCharakter und Geschlossenheit\u201c <\/p>\n<p>Mit etwas Abstand beobachtete Klose stolz die Jubelszenen. Das Wie dieses Sieges gefiel dem Trainer noch mehr als der Sprung an die Tabellenspitze nach zwei Siegen &#8211; so ein Saisonstart war N\u00fcrnberg seit neun Jahren nicht gelungen. \u201eKompliment an meine Mannschaft\u201c, sagte Klose, der auch in seinem f\u00fcnften Derby gegen F\u00fcrth ungeschlagen blieb. \u201eHier zweimal zur\u00fcckzukommen, das ist Charakter und Geschlossenheit, und das haben wir ausgestrahlt.\u201c<\/p>\n<p>Nach den zwei Gegentoren durch F\u00fcrth-Kapit\u00e4n Felix Klaus in der 22. Minute (Handelfmeter) und der 41. Minute egalisierten Scobel (26.) und Justvan (45.+3) jeweils. Nach dem Seitenwechsel sorgten die beiden dann in umgekehrter Reihenfolge f\u00fcr den Erfolg: Justvan traf &#8211; von F\u00fcrth str\u00e4flich nicht attackiert &#8211; zur ersten N\u00fcrnberger F\u00fchrung (54.), Scobel machte alles klar (74.).<\/p>\n<p>Beeindruckender Saisonauftakt der FCN-Offensivreihe <\/p>\n<p>Nach zwei Siegen steht der \u201eClub\u201c nun bei 7:2-Toren, die drei Offensivakteure Scobel (2), Justvan (2) und Mohamed Ali Zoma (3) haben jeweils mindestens doppelt getroffen. Dass Zoma als Dreierpacker aus dem Saisonstart gegen Dresden (3:0) in F\u00fcrth ohne Treffer blieb, gr\u00e4mt Klose nicht. \u201eDas ist vielleicht auch gut, dass er kein Tor gemacht hat, sondern sich das aufgehoben hat\u201c, sagte er. \u201eF\u00fcr die Mannschaft war es wichtig, dass zwei andere im Fokus stehen.\u201c Zudem h\u00e4tten weitere Zoma-Tore den St\u00fcrmer noch interessanter gemacht f\u00fcr andere Vereine &#8211; Berichten zufolge sind einige Teams aus dem Ausland an einer Verpflichtung noch in diesem Sommer interessiert.<\/p>\n<p>Von solchen Spekulationen lassen sich N\u00fcrnbergs Trainer und Spieler vorerst nicht ablenken. Die gute Laune nach dem Prestigesieg im 277. Frankenderby \u00fcberwiegt. \u201eDas ist das, wof\u00fcr wir und die Fans leben\u201c, schw\u00e4rmte Keeper Reichert. \u201eDiesen Zusammenhalt nehmen wir mit in die n\u00e4chsten Spiele.\u201c<\/p>\n<p>F\u00fcrth bedient: \u201eAlle Tore kamen kacke\u201c <\/p>\n<p>Der Schlussmann war neben den zwei Torsch\u00fctzen der Matchwinner. Zun\u00e4chst peitschte er sein Team nach einem mauen ersten Durchgang an. \u201eEr hat richtig den Mund aufgemacht in der Halbzeit und die Jungs zusammengestaucht\u201c, erz\u00e4hlte Klose. Und dann parierte er auch einen zweiten Klaus-Elfmeter und verhinderte dadurch das 3:3 (63.) &#8211; und einen m\u00f6glichen Kipppunkt im Spiel. \u201eWir k\u00f6nnen froh sein, dass wir Jan hinten drin haben\u201c, sagte Justvan. Nun gelte es, im DFB-Pokal am Samstag bei Drittligist Viktoria K\u00f6ln nachzulegen.<\/p>\n<p>Die F\u00fcrther sind indes bedient &#8211; die positive Stimmung nach dem guten 1:1 zum Saisonstart bei Absteiger FC St. Pauli ist vorerst wieder dahin. \u201eWir haben die Tore hergeschenkt\u201c, haderte Trainer Heiko Vogel. Vor allem das 3:2, bei dem Justvan bis zu seinem Torschuss nicht angegriffen wurde, \u00e4rgerte den Coach. \u201eDas war zum Teil Verweigerung.\u201c Kapit\u00e4n Klaus fand: \u201eAlle Tore kamen kacke. Heute war ein Sieg drin, deswegen bin ich so entt\u00e4uscht.\u201c F\u00fcr das \u201eKleeblatt\u201c-Team steht im Pokal am Sonntag ein Heimspiel gegen Liga-Rivale Bochum an.<\/p>\n<p>\u00a9 dpa-infocom, dpa:260816-930-536739\/1<\/p>\n","protected":false},"excerpt":{"rendered":"Von einer Spitzenmannschaft wollte Miroslav Klose auch in der Euphorie nach dem sehenswerten Derby-Sieg seiner N\u00fcrnberger noch nicht&hellip;\n","protected":false},"author":2,"featured_media":1239960,"comment_status":"","ping_status":"","sticky":false,"template":"","format":"standard","meta":{"footnotes":"","_share_on_mastodon":"0"},"categories":[1837],"tags":[783,772,3364,29,7488,4347,347,30,3783,7489,265,8306],"class_list":["post-1239959","post","type-post","status-publish","format-standard","has-post-thumbnail","category-nuernberg","tag-1-fc-nuernberg","tag-bayern","tag-de","tag-deutschland","tag-dpa","tag-fuerth","tag-fussball","tag-germany","tag-nuernberg","tag-region-bayern","tag-sport","tag-spvgg-greuther-fuerth"],"share_on_mastodon":{"url":"https:\/\/pubeurope.com\/@de\/117104144994179795","error":""},"_links":{"self":[{"href":"https:\/\/www.europesays.com\/de\/wp-json\/wp\/v2\/posts\/1239959","targetHints":{"allow":["GET"]}}],"collection":[{"href":"https:\/\/www.europesays.com\/de\/wp-json\/wp\/v2\/posts"}],"about":[{"href":"https:\/\/www.europesays.com\/de\/wp-json\/wp\/v2\/types\/post"}],"author":[{"embeddable":true,"href":"https:\/\/www.europesays.com\/de\/wp-json\/wp\/v2\/users\/2"}],"replies":[{"embeddable":true,"href":"https:\/\/www.europesays.com\/de\/wp-json\/wp\/v2\/comments?post=1239959"}],"version-history":[{"count":0,"href":"https:\/\/www.europesays.com\/de\/wp-json\/wp\/v2\/posts\/1239959\/revisions"}],"wp:featuredmedia":[{"embeddable":true,"href":"https:\/\/www.europesays.com\/de\/wp-json\/wp\/v2\/media\/1239960"}],"wp:attachment":[{"href":"https:\/\/www.europesays.com\/de\/wp-json\/wp\/v2\/media?parent=1239959"}],"wp:term":[{"taxonomy":"category","embeddable":true,"href":"https:\/\/www.europesays.com\/de\/wp-json\/wp\/v2\/categories?post=1239959"},{"taxonomy":"post_tag","embeddable":true,"href":"https:\/\/www.europesays.com\/de\/wp-json\/wp\/v2\/tags?post=1239959"}],"curies":[{"name":"wp","href":"https:\/\/api.w.org\/{rel}","templated":true}]}}