{"id":1240058,"date":"2026-08-16T08:59:17","date_gmt":"2026-08-16T08:59:17","guid":{"rendered":"https:\/\/www.europesays.com\/de\/1240058\/"},"modified":"2026-08-16T08:59:17","modified_gmt":"2026-08-16T08:59:17","slug":"big-daddy-und-seine-tochter-gelungene-premiere-von-rend-a-friend-im-prinzregenten-theater-ludwigshafen","status":"publish","type":"post","link":"https:\/\/www.europesays.com\/de\/1240058\/","title":{"rendered":"Big Daddy und seine Tochter: Gelungene Premiere von \u201eRend-a-friend\u201c im Prinzregenten-Theater &#8211; Ludwigshafen"},"content":{"rendered":"<p class=\"rhp-dpa-teaser\"><b>Eine Tochter mietet  ihrem Vater zuliebe den perfekten Begleiter \u2013 und bekommt einen Kinderclown. Was die Pf\u00e4lzer Fassung von \u201eRent-a-friend\u201c  \u00fcber Schein und Sein verr\u00e4t.<\/b><\/p>\n<p>Bis vor einiger Zeit stach auf den Theaterzetteln  der Name Bernhard F. Dropmann, des Gr\u00fcnders und Intendanten der B\u00fchne im <a class=\"rtr-entity\" data-rtr-entity=\"Hemshof\" data-rtr-id=\"4bae047b94810594e45fab3efb5be2505301d283\" data-rtr-score=\"14.542726836293808\" data-rtr-etype=\"location\" data-rtr-index=\"22\" href=\"https:\/\/www.rheinpfalz.de\/themen\/ludwigshafen-hemshof\" rel=\"nofollow noopener\" target=\"_blank\">Hemshof<\/a>, heraus. Oftmals wurde er dort unter  mehreren Funktionen  genannt: als Schauspieler, Regisseur oder besonders regelm\u00e4\u00dfig als Ko-Autor, der daf\u00fcr Sorge trug, dass  alle hochdeutschen St\u00fccke  zuverl\u00e4ssig mit einer ausgepr\u00e4gt Pf\u00e4lzer Note zur Auff\u00fchrung kamen.<\/p>\n<p class=\"rhp-teaser\"><b>Eine Tochter mietet  ihrem Vater zuliebe den perfekten Begleiter \u2013 und bekommt einen Kinderclown. Was die Pf\u00e4lzer Fassung von \u201eRent-a-friend\u201c  \u00fcber Schein und Sein verr\u00e4t.<\/b><\/p>\n","protected":false},"excerpt":{"rendered":"Eine Tochter mietet ihrem Vater zuliebe den perfekten Begleiter \u2013 und bekommt einen Kinderclown. Was die Pf\u00e4lzer Fassung&hellip;\n","protected":false},"author":2,"featured_media":1240059,"comment_status":"","ping_status":"","sticky":false,"template":"","format":"standard","meta":{"footnotes":"","_share_on_mastodon":"0"},"categories":[1845],"tags":[221343,1634,257078,3364,29,10205,548,663,3934,257081,257079,42727,30,692,13,31251,4060,2096,14,15,257080,12],"class_list":["post-1240058","post","type-post","status-publish","format-standard","has-post-thumbnail","category-mannheim","tag-antonia-gabriel","tag-baden-wuerttemberg","tag-bernhard-f-dropmann","tag-de","tag-deutschland","tag-dieter-hallervorden","tag-eu","tag-europa","tag-europe","tag-fabian-kuhn","tag-folke-braband","tag-george-clooney","tag-germany","tag-hamburg","tag-headlines","tag-hemshof","tag-lokal","tag-mannheim","tag-nachrichten","tag-news","tag-sarah-dorsch","tag-schlagzeilen"],"share_on_mastodon":{"url":"","error":""},"_links":{"self":[{"href":"https:\/\/www.europesays.com\/de\/wp-json\/wp\/v2\/posts\/1240058","targetHints":{"allow":["GET"]}}],"collection":[{"href":"https:\/\/www.europesays.com\/de\/wp-json\/wp\/v2\/posts"}],"about":[{"href":"https:\/\/www.europesays.com\/de\/wp-json\/wp\/v2\/types\/post"}],"author":[{"embeddable":true,"href":"https:\/\/www.europesays.com\/de\/wp-json\/wp\/v2\/users\/2"}],"replies":[{"embeddable":true,"href":"https:\/\/www.europesays.com\/de\/wp-json\/wp\/v2\/comments?post=1240058"}],"version-history":[{"count":0,"href":"https:\/\/www.europesays.com\/de\/wp-json\/wp\/v2\/posts\/1240058\/revisions"}],"wp:featuredmedia":[{"embeddable":true,"href":"https:\/\/www.europesays.com\/de\/wp-json\/wp\/v2\/media\/1240059"}],"wp:attachment":[{"href":"https:\/\/www.europesays.com\/de\/wp-json\/wp\/v2\/media?parent=1240058"}],"wp:term":[{"taxonomy":"category","embeddable":true,"href":"https:\/\/www.europesays.com\/de\/wp-json\/wp\/v2\/categories?post=1240058"},{"taxonomy":"post_tag","embeddable":true,"href":"https:\/\/www.europesays.com\/de\/wp-json\/wp\/v2\/tags?post=1240058"}],"curies":[{"name":"wp","href":"https:\/\/api.w.org\/{rel}","templated":true}]}}