{"id":124006,"date":"2025-05-19T23:03:10","date_gmt":"2025-05-19T23:03:10","guid":{"rendered":"https:\/\/www.europesays.com\/de\/124006\/"},"modified":"2025-05-19T23:03:10","modified_gmt":"2025-05-19T23:03:10","slug":"erste-uebernachtung-und-erste-feier-sind-bereits-gebucht","status":"publish","type":"post","link":"https:\/\/www.europesays.com\/de\/124006\/","title":{"rendered":"Erste \u00dcbernachtung und erste Feier sind bereits gebucht"},"content":{"rendered":"<p class=\"bold\">\n\t\t\t\t\t\t\t\t\t\tNoch immer steht kein konkreter Termin f\u00fcr die Neuer\u00f6ffnung des ehemaligen Stadtcaf\u00e9s fest. Allerdings r\u00fcckt der gro\u00dfe Moment immer n\u00e4her, da es bereits Zusagen f\u00fcr G\u00e4ste gibt.\t\t\t\t<\/p>\n<p>\t\t\t\t Nachdem jahrelang Ger\u00fcste die Fassade des einstigen Zschopaus Stadtcaf\u00e9s verdeckt hatten, entfaltet die Fassade des markanten Geb\u00e4udes wieder ihre Pracht. Statt in Gelb erstrahlt sie nun in Altrosa. \u201eDiese Farbe wurde vom Denkmalschutz vorgegeben\u201c, erkl\u00e4rt Investor Toralf Zinner, der bei der Sanierung des Objekts so manche Auflage zu&#8230;<\/p>\n<p>\t\t<img decoding=\"async\" class=\"fp-plus-logo\" src=\"https:\/\/www.europesays.com\/de\/wp-content\/uploads\/2025\/04\/fpplus.svg.svg+xml\" alt=\"Freie Presse plus Logo\"\/><\/p>\n<p>Registrieren und testen.<\/p>\n<p>Jetzt mit Ihrer Registrierung 1 Monat gratis testen und alle Beitr\u00e4ge lesen.<\/p>\n<p>Schon Abonnent? Melden Sie sich mit ihren Zugangsdaten an.<\/p>\n","protected":false},"excerpt":{"rendered":"Noch immer steht kein konkreter Termin f\u00fcr die Neuer\u00f6ffnung des ehemaligen Stadtcaf\u00e9s fest. Allerdings r\u00fcckt der gro\u00dfe Moment&hellip;\n","protected":false},"author":2,"featured_media":124007,"comment_status":"","ping_status":"","sticky":false,"template":"","format":"standard","meta":{"footnotes":""},"categories":[1851],"tags":[2770,3364,29,548,663,3934,30,13,5331,14,15,859,12],"class_list":{"0":"post-124006","1":"post","2":"type-post","3":"status-publish","4":"format-standard","5":"has-post-thumbnail","7":"category-chemnitz","8":"tag-chemnitz","9":"tag-de","10":"tag-deutschland","11":"tag-eu","12":"tag-europa","13":"tag-europe","14":"tag-germany","15":"tag-headlines","16":"tag-immobilien","17":"tag-nachrichten","18":"tag-news","19":"tag-sachsen","20":"tag-schlagzeilen"},"share_on_mastodon":{"url":"https:\/\/pubeurope.com\/@de\/114536998797649475","error":""},"_links":{"self":[{"href":"https:\/\/www.europesays.com\/de\/wp-json\/wp\/v2\/posts\/124006","targetHints":{"allow":["GET"]}}],"collection":[{"href":"https:\/\/www.europesays.com\/de\/wp-json\/wp\/v2\/posts"}],"about":[{"href":"https:\/\/www.europesays.com\/de\/wp-json\/wp\/v2\/types\/post"}],"author":[{"embeddable":true,"href":"https:\/\/www.europesays.com\/de\/wp-json\/wp\/v2\/users\/2"}],"replies":[{"embeddable":true,"href":"https:\/\/www.europesays.com\/de\/wp-json\/wp\/v2\/comments?post=124006"}],"version-history":[{"count":0,"href":"https:\/\/www.europesays.com\/de\/wp-json\/wp\/v2\/posts\/124006\/revisions"}],"wp:featuredmedia":[{"embeddable":true,"href":"https:\/\/www.europesays.com\/de\/wp-json\/wp\/v2\/media\/124007"}],"wp:attachment":[{"href":"https:\/\/www.europesays.com\/de\/wp-json\/wp\/v2\/media?parent=124006"}],"wp:term":[{"taxonomy":"category","embeddable":true,"href":"https:\/\/www.europesays.com\/de\/wp-json\/wp\/v2\/categories?post=124006"},{"taxonomy":"post_tag","embeddable":true,"href":"https:\/\/www.europesays.com\/de\/wp-json\/wp\/v2\/tags?post=124006"}],"curies":[{"name":"wp","href":"https:\/\/api.w.org\/{rel}","templated":true}]}}