{"id":1240133,"date":"2026-08-16T09:50:19","date_gmt":"2026-08-16T09:50:19","guid":{"rendered":"https:\/\/www.europesays.com\/de\/1240133\/"},"modified":"2026-08-16T09:50:19","modified_gmt":"2026-08-16T09:50:19","slug":"17-jaehriger-aus-fellbach-vermisst-polizei-sucht-mit-foto-polizeibericht-rems-murr-kreis","status":"publish","type":"post","link":"https:\/\/www.europesays.com\/de\/1240133\/","title":{"rendered":"17-J\u00e4hriger aus Fellbach vermisst: Polizei sucht mit Foto &#8211; Polizeibericht Rems-Murr-Kreis"},"content":{"rendered":"<p><strong>Fellbach.<\/strong> Ein 17-J\u00e4hriger aus Fellbach wird seit Samstagmittag (15.08.) vermisst. Die Polizei sucht mit einem Foto nach dem Jugendlichen. Zuletzt gesehen wurde der 17-J\u00e4hrige am Samstag gegen 10.50 Uhr. Eine hilflose Lage kann nicht ausgeschlossen werden.<\/p>\n<p><a class=\"nfy-teaser nfy-ar-teaser\" id=\"nfy-teaser-inline\" data-upscore-url=\"\" href=\"https:\/\/www.zvw.de\/blaulicht\/fl%C3%A4chenbrand-am-grafenberg-in-schorndorf-ursache-weiter-unklar_arid-1094484?utm_source=empfehlungslink&amp;utm_campaign=empfehlungslink\" data-upscore-object-id=\"1094484\" rel=\"nofollow noopener\" target=\"_blank\"><img loading=\"lazy\" decoding=\"async\" src=\"\/cms_media\/module_img\/7420\/3710002_3_gridmobile_whatsapp-image-2026-08-14-at-173025.jpeg\" alt=\"Auf einer Wiese am Grafenberg muss die Feuerwehr bei 35 Grad Hitze l\u00f6schen.\" width=\"370\" height=\"229\" class=\"lazyload\" data-tmpl=\"gridmobile\"\/><\/p>\n<p>BlaulichtFl\u00e4chenbrand am Grafenberg in Schorndorf: Ursache weiter unklar<\/p>\n<p><\/a><br \/>\nWer hat den vermissten Jugendlichen gesehen?<\/p>\n<p>Der Vermisste ist etwa 1,80 Meter gro\u00df. Er hat laut Polizei eine hagere Figur, tr\u00e4gt einen orange gef\u00e4rbten Buzzcut und eine schwarze Brille. Zum Zeitpunkt seines Verschwindens trug er ein schwarz-wei\u00dfes T-Shirt, blaue kurze Jeans und hellbraune Sneakers der Marke Nike.<\/p>\n<p><img loading=\"lazy\" decoding=\"async\" src=\"https:\/\/www.europesays.com\/de\/wp-content\/uploads\/2026\/08\/3710400_1_articledetail_unbenannt-16-august-2026-um-102059.jpeg\" alt=\"Wer hat den Jugendlichen gesehen?\" width=\"670\" height=\"423\"\/> Wer hat den Jugendlichen gesehen? \u00a9 Polizeipr\u00e4sidium Aalen<\/p>\n<p>Die Polizei bittet dringend um Hinweise zum Aufenthaltsort des Vermissten. Hinweisgeber werden gebeten, sich unter der Rufnummer 07361 5800 beim Polizeipr\u00e4sidium Aalen zu melden.<\/p>\n","protected":false},"excerpt":{"rendered":"Fellbach. Ein 17-J\u00e4hriger aus Fellbach wird seit Samstagmittag (15.08.) vermisst. Die Polizei sucht mit einem Foto nach dem&hellip;\n","protected":false},"author":2,"featured_media":1240134,"comment_status":"","ping_status":"","sticky":false,"template":"","format":"standard","meta":{"footnotes":"","_share_on_mastodon":"0"},"categories":[1830],"tags":[1634,3364,29,6725,30,121,1441,190824,120],"class_list":["post-1240133","post","type-post","status-publish","format-standard","has-post-thumbnail","category-stuttgart","tag-baden-wuerttemberg","tag-de","tag-deutschland","tag-fellbach","tag-germany","tag-polizei","tag-stuttgart","tag-un_kein-userneed","tag-vermisst"],"share_on_mastodon":{"url":"https:\/\/pubeurope.com\/@de\/117104572199991390","error":""},"_links":{"self":[{"href":"https:\/\/www.europesays.com\/de\/wp-json\/wp\/v2\/posts\/1240133","targetHints":{"allow":["GET"]}}],"collection":[{"href":"https:\/\/www.europesays.com\/de\/wp-json\/wp\/v2\/posts"}],"about":[{"href":"https:\/\/www.europesays.com\/de\/wp-json\/wp\/v2\/types\/post"}],"author":[{"embeddable":true,"href":"https:\/\/www.europesays.com\/de\/wp-json\/wp\/v2\/users\/2"}],"replies":[{"embeddable":true,"href":"https:\/\/www.europesays.com\/de\/wp-json\/wp\/v2\/comments?post=1240133"}],"version-history":[{"count":0,"href":"https:\/\/www.europesays.com\/de\/wp-json\/wp\/v2\/posts\/1240133\/revisions"}],"wp:featuredmedia":[{"embeddable":true,"href":"https:\/\/www.europesays.com\/de\/wp-json\/wp\/v2\/media\/1240134"}],"wp:attachment":[{"href":"https:\/\/www.europesays.com\/de\/wp-json\/wp\/v2\/media?parent=1240133"}],"wp:term":[{"taxonomy":"category","embeddable":true,"href":"https:\/\/www.europesays.com\/de\/wp-json\/wp\/v2\/categories?post=1240133"},{"taxonomy":"post_tag","embeddable":true,"href":"https:\/\/www.europesays.com\/de\/wp-json\/wp\/v2\/tags?post=1240133"}],"curies":[{"name":"wp","href":"https:\/\/api.w.org\/{rel}","templated":true}]}}