{"id":1240444,"date":"2026-08-16T13:04:19","date_gmt":"2026-08-16T13:04:19","guid":{"rendered":"https:\/\/www.europesays.com\/de\/1240444\/"},"modified":"2026-08-16T13:04:19","modified_gmt":"2026-08-16T13:04:19","slug":"berlin-mitte-jugendliche-attackieren-sich-mit-messer-und-glasflasche","status":"publish","type":"post","link":"https:\/\/www.europesays.com\/de\/1240444\/","title":{"rendered":"Berlin-Mitte: Jugendliche attackieren sich mit Messer und Glasflasche"},"content":{"rendered":"<p>Quelle: dpa Berlin\/Brandenburg<br \/>\n        16. August 2026, 14:38 Uhr\n    <\/p>\n<p>        Sie k\u00f6nnen sich Artikel der ZEIT in der Google-Suche nun bevorzugt anzeigen lassen.<\/p>\n<p>        <a class=\"zps-widget__icon\" href=\"https:\/\/www.google.com\/preferences\/source?q=zeit.de\" data-ct-label=\"Google Preferred Source Onboarding Widget Icon\" id=\"zps-link-icon-activate\" aria-label=\"ZEIT als bevorzugte Quelle bei Google aktivieren\" target=\"_blank\" rel=\"nofollow noopener\"><\/p>\n<p>        <\/a><\/p>\n<p>        Hinweis<\/p>\n<p class=\"article-notice__text\">DIE ZEIT hat diese Meldung redaktionell nicht bearbeitet. Sie wurde automatisch von der Deutschen Presse-Agentur (dpa) \u00fcbernommen.<\/p>\n<p>            <img decoding=\"async\" class=\"article__media-item\" src=\"https:\/\/www.europesays.com\/de\/wp-content\/uploads\/2026\/08\/1786885459_304_wide__660x371.jpeg\" alt=\"Berlin-Mitte: Zwei Jugendliche wurden bei einem Streit in Berlin-Mitte verletzt. (Symbolbild)\"\/><\/p>\n<p>                    Zwei Jugendliche wurden bei einem Streit in Berlin-Mitte verletzt. (Symbolbild)<br \/>\n            \u00a9\u00a0Jens Kalaene\/\u200bdpa<\/p>\n<p class=\"paragraph article__item\">Bei einem Streit unter jungen Leuten in Berlin-Mitte soll ein 17-J\u00e4hriger einen Gleichaltrigen mit einem Messer verletzt haben. Sein Kontrahent zog sich ebenfalls Verletzungen zu, wie die <a class=\"rtr-entity\" href=\"https:\/\/www.zeit.de\/thema\/polizei\" rel=\"nofollow noopener\" target=\"_blank\">Polizei<\/a> mitteilte.Der Streit ereignete sich nach Angaben einer Zeugin am sp\u00e4ten Samstagabend an der Rathausbr\u00fccke in einer Gruppe von 13- bis 20-J\u00e4hrigen. Zwei Jugendliche im Alter von 16 und 17 Jahren sollen einen anderen 17-J\u00e4hrigen angegriffen haben, der J\u00fcngere soll dabei eine Glasflasche benutzt haben. Der Angegriffene habe den anderen 17-J\u00e4hrigen daraufhin mit einem Werkzeugmesser verletzt.Die alarmierte Polizei beruhigte die Lage, Rettungskr\u00e4fte fuhren die beiden verletzten 17-J\u00e4hrigen unter Begleitung der Beamten ins Krankenhaus. Anschlie\u00dfend brachte die Polizei alle Minderj\u00e4hrigen zur\u00fcck nach Hause. Der Grund f\u00fcr den Streit war zun\u00e4chst unklar.\n<\/p>\n<p>Aktuelles<\/p>\n<p>                <a href=\"https:\/\/www.zeit.de\/gesellschaft\/zeitgeschehen\/2026-07\/bahn-sicherheitsmitarbeiter-sturz-zug-tuer-ettlingen\" data-ct-label=\"Deutsche Bahn: Bahn-Mitarbeiter st\u00fcrzt w\u00e4hrend Streit aus fahrendem Zug\" data-uuid=\"20eeac03-0ae1-44f1-aed2-39a14f6c40a1\" rel=\"nofollow noopener\" target=\"_blank\"><\/p>\n<p>                        Deutsche Bahn:<br \/>\n                        Bahn-Mitarbeiter st\u00fcrzt w\u00e4hrend Streit aus fahrendem Zug<\/p>\n<p>                <\/a><\/p>\n<p>                <a href=\"https:\/\/www.zeit.de\/politik\/deutschland\/2026-07\/antisemitismus-gewalttat-bayern-festnahme-20-jaehriger-gxe\" data-ct-label=\"Antisemitische Gewalt: Mann mit Israel-Anstecker bei Angriff schwer verletzt\" data-uuid=\"46f33f44-8bd6-4a1b-9993-7fb2c3fde564\" rel=\"nofollow noopener\" target=\"_blank\"><\/p>\n<p>                        Antisemitische Gewalt:<br \/>\n                        Mann mit Israel-Anstecker bei Angriff schwer verletzt<\/p>\n<p>                <\/a><\/p>\n<p>                <a href=\"https:\/\/www.zeit.de\/politik\/deutschland\/2026-08\/afd-sachsen-anhalt-wahlplakate-angriff\" data-ct-label=\"AfD: Politiker soll Jugendliche wegen Plakatbesch\u00e4digung angegriffen haben\" data-uuid=\"f154e1de-f9db-414b-8aa2-d4f25801736c\" rel=\"nofollow noopener\" target=\"_blank\"><\/p>\n<p>                        AfD:<br \/>\n                        Politiker soll Jugendliche wegen Plakatbesch\u00e4digung angegriffen haben<\/p>\n<p>                <\/a><\/p>\n<p class=\"paragraph article__item\">\u00a9 dpa-infocom, dpa:260816-930-538302\/1<\/p>\n","protected":false},"excerpt":{"rendered":"Quelle: dpa Berlin\/Brandenburg 16. August 2026, 14:38 Uhr Sie k\u00f6nnen sich Artikel der ZEIT in der Google-Suche nun&hellip;\n","protected":false},"author":2,"featured_media":1240445,"comment_status":"","ping_status":"","sticky":false,"template":"","format":"standard","meta":{"footnotes":"","_share_on_mastodon":"0"},"categories":[1825],"tags":[1941,1939,296,2572,1937,29,30,1940,15,1938,121],"class_list":["post-1240444","post","type-post","status-publish","format-standard","has-post-thumbnail","category-berlin","tag-aktuelle-nachrichten-aus-berlin","tag-aktuelle-news-aus-berlin","tag-berlin","tag-berlin-mitte","tag-berlin-news","tag-deutschland","tag-germany","tag-nachrichten-aus-berlin","tag-news","tag-news-aus-berlin","tag-polizei"],"share_on_mastodon":{"url":"https:\/\/pubeurope.com\/@de\/117105333844483800","error":""},"_links":{"self":[{"href":"https:\/\/www.europesays.com\/de\/wp-json\/wp\/v2\/posts\/1240444","targetHints":{"allow":["GET"]}}],"collection":[{"href":"https:\/\/www.europesays.com\/de\/wp-json\/wp\/v2\/posts"}],"about":[{"href":"https:\/\/www.europesays.com\/de\/wp-json\/wp\/v2\/types\/post"}],"author":[{"embeddable":true,"href":"https:\/\/www.europesays.com\/de\/wp-json\/wp\/v2\/users\/2"}],"replies":[{"embeddable":true,"href":"https:\/\/www.europesays.com\/de\/wp-json\/wp\/v2\/comments?post=1240444"}],"version-history":[{"count":0,"href":"https:\/\/www.europesays.com\/de\/wp-json\/wp\/v2\/posts\/1240444\/revisions"}],"wp:featuredmedia":[{"embeddable":true,"href":"https:\/\/www.europesays.com\/de\/wp-json\/wp\/v2\/media\/1240445"}],"wp:attachment":[{"href":"https:\/\/www.europesays.com\/de\/wp-json\/wp\/v2\/media?parent=1240444"}],"wp:term":[{"taxonomy":"category","embeddable":true,"href":"https:\/\/www.europesays.com\/de\/wp-json\/wp\/v2\/categories?post=1240444"},{"taxonomy":"post_tag","embeddable":true,"href":"https:\/\/www.europesays.com\/de\/wp-json\/wp\/v2\/tags?post=1240444"}],"curies":[{"name":"wp","href":"https:\/\/api.w.org\/{rel}","templated":true}]}}