{"id":1240465,"date":"2026-08-16T13:18:18","date_gmt":"2026-08-16T13:18:18","guid":{"rendered":"https:\/\/www.europesays.com\/de\/1240465\/"},"modified":"2026-08-16T13:18:18","modified_gmt":"2026-08-16T13:18:18","slug":"anna-carina-woitschack-sie-spricht-ueber-immer-wieder-sonntags-aus","status":"publish","type":"post","link":"https:\/\/www.europesays.com\/de\/1240465\/","title":{"rendered":"Anna-Carina Woitschack: Sie spricht \u00fcber &#8222;Immer wieder sonntags&#8220;-Aus"},"content":{"rendered":"<p>Sendung ihres Ex-Partners <\/p>\n<p>Anna-Carina Woitschack spricht \u00fcber &#8222;Immer wieder sonntags&#8220;-Aus<\/p>\n<p>16.08.2026 &#8211; 14:21 UhrLesedauer: 2 Min.<\/p>\n<p><a href=\"#focus-0\" class=\"transition-colors block text-current relative\" data-sctrack=\"FocusGalleryImage.Reference\"><img fetchpriority=\"high\" data-testid=\"Opener.Image\"   loading=\"eager\" src=\"https:\/\/www.europesays.com\/de\/wp-content\/uploads\/2026\/08\/anna-carina-woitschack-sie-war-mit-stefan-mross-verheiratet.jpg\" alt=\"Anna-Carina Woitschack: Sie war mit Stefan Mross verheiratet.\" title=\"Anna-Carina Woitschack: Sie war mit Stefan Mross verheiratet.\" width=\"3079\" height=\"1732\" class=\"bg-[url:var(--lqipURL)] bg-cover bg-center flex h-full w-full max-w-full\" style=\"--lqipURL:url('https:\/\/images.t-online.de\/2026\/08\/v2uVrE-Qkhst\/1105x569:3079x1732\/fit-in\/150x0\/filters:blur(25)\/anna-carina-woitschack-sie-war-mit-stefan-mross-verheiratet.jpg')\" decoding=\"async\"\/><img loading=\"lazy\" src=\"https:\/\/www.t-online.de\/s\/paper\/_next\/static\/media\/zoom-in.f7dae02f.svg\" alt=\"Vergr\u00f6\u00dfern des Bildes\" title=\"Vergr\u00f6\u00dfern des Bildes\" class=\"block h-[calc(var(--height)_\/_16_*_1rem)] w-[calc(var(--width)_\/_16_*_1rem)] max-w-none absolute right-8 bottom-8 rounded-4 bg-snow p-8\" style=\"--width:32;--height:32\" decoding=\"async\"\/><\/a><\/p>\n<p>Anna-Carina Woitschack: Sie war mit Stefan Mross verheiratet. (Quelle: IMAGO\/Agentur Matthias Wehnert \/ M. Gr\u00e4nzd\u00f6rfer)<\/p>\n<p><img loading=\"lazy\" src=\"https:\/\/www.t-online.de\/s\/paper\/_next\/static\/media\/audio-volume.6689034c.svg\" alt=\"\" title=\"\" class=\"block h-[calc(var(--height)_\/_16_*_1rem)] w-[calc(var(--width)_\/_16_*_1rem)] max-w-none group-hover:brightness-0 group-hover:invert\" style=\"--width:16;--height:16\" decoding=\"async\"\/>Vorlesen<\/p>\n<p>Aktuelle Zeit:0:00Gesamtdauer:0:00<\/p>\n<p>1x<\/p>\n<p class=\"text-center\">Jetzt neu bei t-online:<\/p>\n<p class=\"text-center\">Schriftgr\u00f6\u00dfe anpassen!<\/p>\n<p><img loading=\"lazy\" src=\"https:\/\/www.t-online.de\/s\/paper\/_next\/static\/media\/font-sizes.32942e33.svg\" alt=\"\" title=\"\" class=\"block h-[calc(var(--height)_\/_16_*_1rem)] w-[calc(var(--width)_\/_16_*_1rem)] max-w-none group-hover:hidden group-aria-expanded:hidden\" style=\"--width:16;--height:16\" decoding=\"async\"\/><img loading=\"lazy\" src=\"https:\/\/www.t-online.de\/s\/paper\/_next\/static\/media\/font-sizes-dark-mode.e382645c.svg\" alt=\"\" title=\"\" class=\"block h-[calc(var(--height)_\/_16_*_1rem)] w-[calc(var(--width)_\/_16_*_1rem)] max-w-none hidden group-hover:block group-aria-expanded:block\" style=\"--width:16;--height:16\" decoding=\"async\"\/><img loading=\"lazy\" src=\"https:\/\/www.t-online.de\/s\/paper\/_next\/static\/media\/sharing-menu-icon.1eb71368.svg\" alt=\"\" title=\"\" class=\"block h-[calc(var(--height)_\/_16_*_1rem)] w-[calc(var(--width)_\/_16_*_1rem)] max-w-none group-hover:brightness-0 group-hover:invert\" style=\"--width:16;--height:16\" decoding=\"async\"\/>Artikel teilen<\/p>\n<p class=\"font-bold text-18 leading-17 user-text-lg:text-22 user-text-xl:text-24\">&#8222;Immer wieder sonntags&#8220; endet in diesem Jahr. Ab 2027 wird es die ARD-Show von Stefan Mross nicht mehr geben. Jetzt \u00e4u\u00dfert sich dessen Ex-Partnerin zu dem Aus des Formates.<\/p>\n<p class=\"text-18 leading-17 user-text-lg:text-22 user-text-xl:text-24\">Schlagers\u00e4ngerin <a href=\"https:\/\/www.t-online.de\/themen\/anna-carina-woitschack\/\" class=\"transition-colors cursor-pointer no-underline md:hover:text-magenta md:focus:text-magenta border-b border-solid border-current text-salemsfur md:hover:border-magenta\" data-tracking=\"{&quot;action&quot;:&quot;click&quot;,&quot;category&quot;:&quot;intextLink&quot;,&quot;label&quot;:&quot;\/themen\/anna-carina-woitschack\/&quot;}\" data-sctrack=\"BodyAnchor\" rel=\"nofollow noopener\" target=\"_blank\">Anna-Carina Woitschack<\/a> hat Stellung zur baldigen Einstellung der sonnt\u00e4glichen ARD-Musikshow &#8222;Immer wieder sonntags&#8220; bezogen. Darauf angesprochen sagte sie im Interview mit &#8222;Der Westen&#8220;, dass sie es generell bedaure, dass der Schlager immer weniger Platz im Fernsehen habe.<\/p>\n<p class=\"text-18 leading-17 user-text-lg:text-22 user-text-xl:text-24\">Woitschack sagte: &#8222;Ich finde es schade, dass die Plattformen f\u00fcr K\u00fcnstler weniger werden.&#8220; Insbesondere mit Blick auf Newcomer, die in den Shows eine B\u00fchne bekommen, sei dies bedauerlich. Weiter sagte sie: &#8222;Insofern w\u00fcnsche ich mir, dass der Schlager weiterhin im Programm bleibt. Es wurden leider mehrere Sendungen abgesetzt, auch Schlagersendungen, das ist schade f\u00fcr die Fans.&#8220; Sie f\u00fcgte au\u00dferdem an: &#8222;Ich habe nicht das Gef\u00fchl, dass die Fans die Sendungen nicht wollen. Im Gegenteil: Man sieht bei den Live-Auftritten, dass die Leute Schlager lieben.&#8220;<\/p>\n<p>&#8222;Ein paar Sendungen, die den Schlager nicht aussterben lassen&#8220;<\/p>\n<p class=\"text-18 leading-17 user-text-lg:text-22 user-text-xl:text-24\">Doch sie legte auch Augenmerk auf einige Lichtblicke der Branche im TV: &#8222;Gott sei Dank gibt es noch ein paar Sendungen, die den Schlager nicht aussterben lassen: Ob das jetzt <a href=\"https:\/\/www.t-online.de\/themen\/florian-silbereisen\/\" class=\"transition-colors cursor-pointer no-underline md:hover:text-magenta md:focus:text-magenta border-b border-solid border-current text-salemsfur md:hover:border-magenta\" data-tracking=\"{&quot;action&quot;:&quot;click&quot;,&quot;category&quot;:&quot;intextLink&quot;,&quot;label&quot;:&quot;\/themen\/florian-silbereisen\/&quot;}\" data-sctrack=\"BodyAnchor\" rel=\"nofollow noopener\" target=\"_blank\">Florian Silbereisen<\/a> ist, <a href=\"https:\/\/www.t-online.de\/themen\/giovanni-zarrella\/\" class=\"transition-colors cursor-pointer no-underline md:hover:text-magenta md:focus:text-magenta border-b border-solid border-current text-salemsfur md:hover:border-magenta\" data-tracking=\"{&quot;action&quot;:&quot;click&quot;,&quot;category&quot;:&quot;intextLink&quot;,&quot;label&quot;:&quot;\/themen\/giovanni-zarrella\/&quot;}\" data-sctrack=\"BodyAnchor\" rel=\"nofollow noopener\" target=\"_blank\">Giovanni Zarrella<\/a> oder auch der &#8218;Fernsehgarten'&#8220;, sagte die 33-J\u00e4hrige, die von 2016 bis 2022 mit Mross liiert und ab 2020 mit ihm verheiratet war.<\/p>\n<p><a href=\"#focus-1\" class=\"transition-colors block text-current relative\" data-sctrack=\"FocusGalleryImage.Reference\"><img   loading=\"lazy\" src=\"https:\/\/www.europesays.com\/de\/wp-content\/uploads\/2026\/08\/eine-folge-im-jahr-2021-stefan-mross-und-anna-carina-woitschack-traten-haeufig-gemeinsam-bei-immer-w.jpeg\" alt=\"Eine Folge im Jahr 2021: Stefan Mross und Anna-Carina Woitschack traten h\u00e4ufig gemeinsam bei &quot;Immer wieder sonntags&quot; auf.\" title=\"Eine Folge im Jahr 2021: Stefan Mross und Anna-Carina Woitschack traten h\u00e4ufig gemeinsam bei &quot;Immer wieder sonntags&quot; auf.\" width=\"3175\" height=\"1786\" class=\"h-full w-full max-w-full rounded-8\" decoding=\"async\"\/><img loading=\"lazy\" src=\"https:\/\/www.t-online.de\/s\/paper\/_next\/static\/media\/zoom-in.f7dae02f.svg\" alt=\"Vergr\u00f6\u00dfern des Bildes\" title=\"Vergr\u00f6\u00dfern des Bildes\" class=\"block h-[calc(var(--height)_\/_16_*_1rem)] w-[calc(var(--width)_\/_16_*_1rem)] max-w-none absolute right-8 bottom-8 rounded-4 bg-snow p-8\" style=\"--width:32;--height:32\" decoding=\"async\"\/>Eine Folge im Jahr 2021: Stefan Mross und Anna-Carina Woitschack traten h\u00e4ufig gemeinsam bei &#8222;Immer wieder sonntags&#8220; auf. (Quelle: IMAGO \/ Bildagentur Monn)<\/a><\/p>\n<p class=\"text-18 leading-17 user-text-lg:text-22 user-text-xl:text-24\">Die <a href=\"https:\/\/www.t-online.de\/themen\/ard\/\" class=\"transition-colors cursor-pointer no-underline md:hover:text-magenta md:focus:text-magenta border-b border-solid border-current text-salemsfur md:hover:border-magenta\" data-tracking=\"{&quot;action&quot;:&quot;click&quot;,&quot;category&quot;:&quot;intextLink&quot;,&quot;label&quot;:&quot;\/themen\/ard\/&quot;}\" data-sctrack=\"BodyAnchor\" rel=\"nofollow noopener\" target=\"_blank\">ARD<\/a> hatte im M\u00e4rz angek\u00fcndigt, die seit insgesamt rund 30 Jahren laufende Show &#8222;Immer wieder sonntags&#8220; nach diesem Jahr absetzen zu wollen. Das Aus begr\u00fcndete sie mit Sparma\u00dfnahmen. Das Format ging erstmals am 11. Juni 1995 im Ersten auf Sendung. <a href=\"https:\/\/www.t-online.de\/themen\/stefan-mross\/\" class=\"transition-colors cursor-pointer no-underline md:hover:text-magenta md:focus:text-magenta border-b border-solid border-current text-salemsfur md:hover:border-magenta\" data-tracking=\"{&quot;action&quot;:&quot;click&quot;,&quot;category&quot;:&quot;intextLink&quot;,&quot;label&quot;:&quot;\/themen\/stefan-mross\/&quot;}\" data-sctrack=\"BodyAnchor\" rel=\"nofollow noopener\" target=\"_blank\">Stefan Mross<\/a> \u00fcbernahm 2005 als Moderator. Mit ihm als Gastgeber sowie einem neuen Konzept stiegen die Quoten der Show deutlich. Bis zuletzt waren die Quoten stark: Im vergangenen Jahr schauten die zw\u00f6lf Live-Ausgaben im Ersten im Schnitt 1,26 Millionen Menschen, die Sendung erreichte einen durchschnittlichen Marktanteil von rund 17 Prozent.<\/p>\n","protected":false},"excerpt":{"rendered":"Sendung ihres Ex-Partners Anna-Carina Woitschack spricht \u00fcber &#8222;Immer wieder sonntags&#8220;-Aus 16.08.2026 &#8211; 14:21 UhrLesedauer: 2 Min. Anna-Carina Woitschack:&hellip;\n","protected":false},"author":2,"featured_media":1240466,"comment_status":"","ping_status":"","sticky":false,"template":"","format":"standard","meta":{"footnotes":"","_share_on_mastodon":"0"},"categories":[155],"tags":[139616,223,29,214,30,63942,970,63941,215],"class_list":["post-1240465","post","type-post","status-publish","format-standard","has-post-thumbnail","category-unterhaltung","tag-anna-carina-woitschack","tag-ard","tag-deutschland","tag-entertainment","tag-germany","tag-immer-wieder-sonntags","tag-schlager","tag-stefan-mross","tag-unterhaltung"],"share_on_mastodon":{"url":"https:\/\/pubeurope.com\/@de\/117105390349120262","error":""},"_links":{"self":[{"href":"https:\/\/www.europesays.com\/de\/wp-json\/wp\/v2\/posts\/1240465","targetHints":{"allow":["GET"]}}],"collection":[{"href":"https:\/\/www.europesays.com\/de\/wp-json\/wp\/v2\/posts"}],"about":[{"href":"https:\/\/www.europesays.com\/de\/wp-json\/wp\/v2\/types\/post"}],"author":[{"embeddable":true,"href":"https:\/\/www.europesays.com\/de\/wp-json\/wp\/v2\/users\/2"}],"replies":[{"embeddable":true,"href":"https:\/\/www.europesays.com\/de\/wp-json\/wp\/v2\/comments?post=1240465"}],"version-history":[{"count":0,"href":"https:\/\/www.europesays.com\/de\/wp-json\/wp\/v2\/posts\/1240465\/revisions"}],"wp:featuredmedia":[{"embeddable":true,"href":"https:\/\/www.europesays.com\/de\/wp-json\/wp\/v2\/media\/1240466"}],"wp:attachment":[{"href":"https:\/\/www.europesays.com\/de\/wp-json\/wp\/v2\/media?parent=1240465"}],"wp:term":[{"taxonomy":"category","embeddable":true,"href":"https:\/\/www.europesays.com\/de\/wp-json\/wp\/v2\/categories?post=1240465"},{"taxonomy":"post_tag","embeddable":true,"href":"https:\/\/www.europesays.com\/de\/wp-json\/wp\/v2\/tags?post=1240465"}],"curies":[{"name":"wp","href":"https:\/\/api.w.org\/{rel}","templated":true}]}}