{"id":1240509,"date":"2026-08-16T13:46:19","date_gmt":"2026-08-16T13:46:19","guid":{"rendered":"https:\/\/www.europesays.com\/de\/1240509\/"},"modified":"2026-08-16T13:46:19","modified_gmt":"2026-08-16T13:46:19","slug":"liveblog-ssvg-velbert-vs-wuppertaler-sv","status":"publish","type":"post","link":"https:\/\/www.europesays.com\/de\/1240509\/","title":{"rendered":"Liveblog: SSVg Velbert vs Wuppertaler SV"},"content":{"rendered":"<p>          Fu\u00dfball-Oberliga aktuell        Liveblog: SSVg Velbert vs Wuppertaler SV<\/p>\n<p class=\"text-50 desktop:text-70 park-container-small px-6 mb-10 desktop:mb-14\">Velbert\/Wuppertal \u00b7 <strong data-cy=\"intro\" data-readtime-content=\"\">Zum Auftaktspiel in die neue Oberliga-Saison muss der WSV am Sonntag, 16. August, zum Absteigerduell nach Velbert und k\u00e4mpft mit personellen Problemen. Ansto\u00df in der IMS-Arena ist um 15 Uhr. Wie das Spiel l\u00e4uft, erfahren Sie hier und erhalten im Anschluss Stimmen dazu.<\/strong><\/p>\n<p>                        <a class=\"absolute bottom-0 inset-x-0 z-10 group\/link before:float-left after:clear-both flex justify-end items-end print:hidden\" href=\"https:\/\/www.wz.de\/imgs\/39\/2\/7\/7\/4\/2\/7\/9\/6\/7\/tok_1f0c20e6f7b0744df1c3083a3ceb6d43\/w1900_h1350_x988_y702_OK1N0139_Tor_1-3-53cd7352600ac863.JPG\" title=\"Vergr\u00f6\u00dferte Ansicht\" aria-describedby=\"park-figure-\" data-enlargable=\"image\" rel=\"nofollow noopener\" target=\"_blank\"><\/p>\n<p>                            <\/a><\/p>\n<p>                <img class=\"inset-0 w-full h-full object-cover opacity-0 transition-opacity animated\" onload=\"this.style.opacity = '1';\" src=\"https:\/\/www.europesays.com\/de\/wp-content\/uploads\/2026\/08\/w1977_h1405_x988_y702_OK1N0139_Tor_1-3-53cd7352600ac863.JPG\"   alt=\"Eren Albayrak, der hier im Pokal das 1:3 f\u00fcr den WSV erzielt, fehlt dem WSV in Velbert.\" width=\"1977\" height=\"1405\" fetchpriority=\"high\" decoding=\"async\" data-park-image-img=\"\"\/><\/p>\n<p class=\"block font-sans text-30 text-black-almost dark:text-white-almost desktop:text-40 desktop:[.floated_&amp;]:text-30 mt-3 desktop:[.floated_&amp;]:mt-3 desktop:mt-4\" data-readtime-content=\"\">\n        Eren Albayrak, der hier im Pokal das 1:3 f\u00fcr den WSV erzielt, fehlt dem WSV in Velbert.\n    <\/p>\n<p>    Foto: Otto Krschak  <\/p>\n","protected":false},"excerpt":{"rendered":"Fu\u00dfball-Oberliga aktuell Liveblog: SSVg Velbert vs Wuppertaler SV Velbert\/Wuppertal \u00b7 Zum Auftaktspiel in die neue Oberliga-Saison muss der&hellip;\n","protected":false},"author":2,"featured_media":1240510,"comment_status":"","ping_status":"","sticky":false,"template":"","format":"standard","meta":{"footnotes":"","_share_on_mastodon":"0"},"categories":[1840],"tags":[3364,29,30,1209,12006,4233,6227,4418],"class_list":["post-1240509","post","type-post","status-publish","format-standard","has-post-thumbnail","category-wuppertal","tag-de","tag-deutschland","tag-germany","tag-nordrhein-westfalen","tag-oberliga","tag-velbert","tag-wsv","tag-wuppertal"],"share_on_mastodon":{"url":"https:\/\/pubeurope.com\/@de\/117105497782645063","error":""},"_links":{"self":[{"href":"https:\/\/www.europesays.com\/de\/wp-json\/wp\/v2\/posts\/1240509","targetHints":{"allow":["GET"]}}],"collection":[{"href":"https:\/\/www.europesays.com\/de\/wp-json\/wp\/v2\/posts"}],"about":[{"href":"https:\/\/www.europesays.com\/de\/wp-json\/wp\/v2\/types\/post"}],"author":[{"embeddable":true,"href":"https:\/\/www.europesays.com\/de\/wp-json\/wp\/v2\/users\/2"}],"replies":[{"embeddable":true,"href":"https:\/\/www.europesays.com\/de\/wp-json\/wp\/v2\/comments?post=1240509"}],"version-history":[{"count":0,"href":"https:\/\/www.europesays.com\/de\/wp-json\/wp\/v2\/posts\/1240509\/revisions"}],"wp:featuredmedia":[{"embeddable":true,"href":"https:\/\/www.europesays.com\/de\/wp-json\/wp\/v2\/media\/1240510"}],"wp:attachment":[{"href":"https:\/\/www.europesays.com\/de\/wp-json\/wp\/v2\/media?parent=1240509"}],"wp:term":[{"taxonomy":"category","embeddable":true,"href":"https:\/\/www.europesays.com\/de\/wp-json\/wp\/v2\/categories?post=1240509"},{"taxonomy":"post_tag","embeddable":true,"href":"https:\/\/www.europesays.com\/de\/wp-json\/wp\/v2\/tags?post=1240509"}],"curies":[{"name":"wp","href":"https:\/\/api.w.org\/{rel}","templated":true}]}}