{"id":1240535,"date":"2026-08-16T14:03:32","date_gmt":"2026-08-16T14:03:32","guid":{"rendered":"https:\/\/www.europesays.com\/de\/1240535\/"},"modified":"2026-08-16T14:03:32","modified_gmt":"2026-08-16T14:03:32","slug":"hitzehilfe-fuer-obdachlose-natuerlich-reicht-das-geld-nicht-2","status":"publish","type":"post","link":"https:\/\/www.europesays.com\/de\/1240535\/","title":{"rendered":"Hitzehilfe f\u00fcr Obdachlose: \u201eNat\u00fcrlich reicht das Geld nicht\u201c"},"content":{"rendered":"<p>Mehrere M\u00e4nner stehen an einem Sommermorgen in einer Reihe vor dem K\u00e4ltebus in der Duisburger Innenstadt. Susanne Wittenborn und Volker Hirschfeld vom Verein Gemeinsam gegen K\u00e4lte Duisburg bieten ihnen frisch belegte Br\u00f6tchen und Getr\u00e4nke an. \u201eZu jedem Kaffee reichen wir eine Flasche Wasser\u201c, sagt Wittenborn. Viele Obdachlose seien dehydriert.\u00a0 <\/p>\n<p>Die Hitze sei f\u00fcr die Menschen auf der Stra\u00dfe enorm belastend &#8211; aber auch f\u00fcr die Helfer, sagt Wittenborn. Trotz Zusch\u00fcssen des Landes Nordrhein-Westfalen und Spenden reiche das Geld nicht. Aus ihrer Sicht muss sich dringend etwas \u00e4ndern. <\/p>\n<p>          &#13;<br \/>\n              Verl\u00e4ssliche Ansprechpartner sein <\/p>\n<p>Die Schubladen des wei\u00dfen Bullis vor dem Duisburger Sch\u00e4ferturm sind gut gef\u00fcllt: Kisten mit Sonnenmilch, Kopfbedeckungen, leichter Sommerkleidung und d\u00fcnnen Schlafs\u00e4cken sind darin verstaut. Von montags bis donnerstags f\u00e4hrt der K\u00e4ltebus ab 9.00 Uhr drei Orte in Duisburg an. \u201eUns ist wichtig, die Menschen zu erreichen, die nicht zu den Hilfsstationen kommen\u201c, erl\u00e4utert Wittenborn. \u201eDaf\u00fcr m\u00fcssen wir selbst auf die Stra\u00dfe.\u201c\u00a0 <\/p>\n<p>Dabei gehe es nicht nur um die Versorgung mit Lebensmitteln und Kleidung, sagt die Streetworkerin. Wittenborn und Hirschfeld wollen f\u00fcr die Menschen verl\u00e4ssliche Ansprechpartner sein. \u201eWir versuchen, mit Betroffenen ins Gespr\u00e4ch zu kommen, sie zu beraten und zu unterst\u00fctzen.\u201c <\/p>\n<p>          &#13;<br \/>\n              Hohe Temperaturen sind Risiko f\u00fcr Obdachlose <\/p>\n<p>Seit mehr als 25 Jahren ist der Bulli in Duisburg unterwegs. Bis zu 70 Menschen nutzen t\u00e4glich das Angebot. Der Name sei metaphorisch zu verstehen, sagt Wittenborn: Er spiele auf die soziale K\u00e4lte innerhalb der Gesellschaft an.\u00a0 <\/p>\n<p>Die Hitzewellen im Sommer dieses Jahres stellen nach Angaben des Deutschen Wetterdienstes (DWD) eine extreme W\u00e4rmebelastung f\u00fcr Menschen dar. Sie werden hei\u00dfer und dauern l\u00e4nger an, wie es in einer Mitteilung des DWD hei\u00dft. In St\u00e4dten sei die Belastung h\u00f6her als auf dem Land. F\u00fcr obdachlose Menschen seien die extremen Temperaturen ein besonderes Risiko.\u00a0 <\/p>\n<p>              &#13;<br \/>\n                <img decoding=\"async\"   src=\"https:\/\/www.europesays.com\/de\/wp-content\/uploads\/2026\/08\/Streetworker-Volker-Hirschfeld-bereitet-das-Fruehstueck-1157126.jpg\" title=\"Hitzehilfe f\u00fcr Obdachlose: \u201eNat\u00fcrlich reicht das Geld nicht\u201c \" alt=\"Streetworker Volker Hirschfeld bereitet das Fr\u00fchst\u00fcck f\u00fcr die Obdachlosen vor.Federico Gambarini\/dpa\" class=\"img-responsive\"\/>&#13;<br \/>\n                &#13;<\/p>\n<p class=\"image-caption\">Streetworker Volker Hirschfeld bereitet das Fr\u00fchst\u00fcck f\u00fcr die Obdachlosen vor.Federico Gambarini\/dpa <\/p>\n<p>&#13;<\/p>\n<p class=\"image-credit\">&#13;<br \/>\n\t\t\t\t\t\t\t\u00a9 Federico Gambarini\/dpa<\/p>\n<p>&#13;<br \/>\n                &#13;<\/p>\n<p>          &#13;<br \/>\n              Weniger Zeit und Ressourcen f\u00fcr einzelne Betroffene <\/p>\n<p>Das beobachtet auch Iris Niewind vom Wetterschutzteam in M\u00fcnster. Krankheiten seien unter solch hohen Temperaturen schwerer zu bew\u00e4ltigen, sagt sie. Auch Wunden w\u00fcrden sich leichter entz\u00fcnden. Das Wetterschutzteam fahre Orte in der M\u00fcnsteraner Innenstadt an, an denen sich vermehrt obdachlose Menschen aufhielten, so Niewind. Die Helfer verteilten Wasser, K\u00fchlhandt\u00fccher und Sonnencreme. <\/p>\n<p>In D\u00fcsseldorf ist bei der Hitze ein Team des Gute-Nacht-Busses unterwegs, das bed\u00fcrftigen Menschen in der Innenstadt zur Seite steht. Die Herausforderung: Immer mehr Menschen sind betroffen, wie Leiter Nikolai Karrasch mitteilt. Die Folge: weniger Zeit und Ressourcen f\u00fcr einzelne Betroffene. <\/p>\n<p>          &#13;<br \/>\n              Sonnensegel und zus\u00e4tzliche \u00f6ffentliche Trinkbrunnen <\/p>\n<p>Ein gro\u00dfes Problem f\u00fcr obdachlose Menschen seien fehlende R\u00fcckzugsorte, sagt Wittenborn. \u201eIn der Stadt gibt es k\u00fchle Orte wie Einkaufszentren oder Museen &#8211; aber nicht f\u00fcr unsere Klientinnen und Klienten.\u201c\u00a0 <\/p>\n<p>Sonnensegel und zus\u00e4tzliche \u00f6ffentliche Trinkbrunnen k\u00f6nnten aus ihrer Sicht Abhilfe schaffen. Auch B\u00e4nke sollten verst\u00e4rkt an schattigen Pl\u00e4tzen stehen. F\u00fcr die Umsetzung solcher Ma\u00dfnahmen seien die Kommunen zust\u00e4ndig, denen jedoch das Geld daf\u00fcr fehle, sagt die Duisburgerin.\u00a0 <\/p>\n<p>          &#13;<br \/>\n              \u201eEs fehlt ganz viel Geld im Bereich der sozialen Arbeit\u201c <\/p>\n<p>Das NRW-Sozialministerium hat das Budget f\u00fcr den Hitzeschutz von Wohnungs- und Obdachlosen nach eigenen Angaben erst k\u00fcrzlich verdoppelt. In diesem Jahr sei die F\u00f6rdersumme auf 500.000 Euro erh\u00f6ht worden, teilte eine Sprecherin mit. Zuvor habe die Landesregierung seit 2022 j\u00e4hrlich 250.000 Euro zur Verf\u00fcgung gestellt.\u00a0 <\/p>\n<p>Als wohnungslos gelten alle Menschen ohne eigenen Mietvertrag. Bei Obdachlosigkeit haben Betroffene gar kein Dach \u00fcber dem Kopf. 2025 profitierten insgesamt 200 Tr\u00e4ger und Initiativen der Wohnungslosenhilfe von der F\u00f6rderung, wie die Sprecherin weiter mitteilte.\u00a0 <\/p>\n<p>Je nach Initiative finanzieren sich die Projekte durch Spenden und Zusch\u00fcsse von Kommunen und des Landes Nordrhein-Westfalen. Planbar seien die Einnahmen allerdings kaum, sagt Wittenborn. Sowohl die H\u00f6he der Spenden als auch die Zusch\u00fcsse des Landes variierten. Genug sei es jedoch selten. \u201eNat\u00fcrlich reicht das Geld nicht\u201c, sagt Wittenborn.\u00a0 <\/p>\n<p>              &#13;<br \/>\n                <img decoding=\"async\"   src=\"https:\/\/www.europesays.com\/de\/wp-content\/uploads\/2026\/08\/Montags-bis-donnerstags-steht-der-Kaeltebus-ab-900-Uhr-am-1157125.jpg\" title=\"Hitzehilfe f\u00fcr Obdachlose: \u201eNat\u00fcrlich reicht das Geld nicht\u201c \" alt=\"Montags bis donnerstags steht der K\u00e4ltebus ab 9.00 Uhr am Sch\u00e4ferturm in Duisburg.Federico Gambarini\/dpa\" class=\"img-responsive\"\/>&#13;<br \/>\n                &#13;<\/p>\n<p class=\"image-caption\">Montags bis donnerstags steht der K\u00e4ltebus ab 9.00 Uhr am Sch\u00e4ferturm in Duisburg.Federico Gambarini\/dpa <\/p>\n<p>&#13;<\/p>\n<p class=\"image-credit\">&#13;<br \/>\n\t\t\t\t\t\t\t\u00a9 Federico Gambarini\/dpa<\/p>\n<p>&#13;<br \/>\n                &#13;<\/p>\n<p>\u00c4hnlich sieht es Niewind in M\u00fcnster. \u201eEs fehlt ganz viel Geld im Bereich der sozialen Arbeit\u201c, sagt sie. Mehr finanzielle Mittel w\u00fcrden laut Karrasch, dem Leiter des Gute-Nacht-Busses in D\u00fcsseldorf, mehr Fachpersonal und Kapazit\u00e4ten bedeuten.\u00a0 <\/p>\n<p>Die H\u00f6he der F\u00f6rderung h\u00e4ngt laut Ministerium von dem Bedarf ab, den die Initiativen und Tr\u00e4ger nachweisen m\u00fcssen. Eine weitere Erh\u00f6hung der F\u00f6rdermittel soll es zun\u00e4chst nicht geben. <\/p>\n<p>          &#13;<br \/>\n              Forderung an den Bund <\/p>\n<p>Wittenborn und Niewind fordern langfristig einen bundesweit einheitlichen Hitzeplan. Die Bundesregierung m\u00fcsse sich bewusst machen, wie dramatisch die Situation f\u00fcr vulnerable Menschen sei, sagt Wittenborn.\u00a0 <\/p>\n<p>Niewind versteht die derzeitige Hilfe in erster Linie als eine Bek\u00e4mpfung der Symptome. Menschen, die bereits von den Folgen der Hitze betroffen sind, w\u00fcrden versorgt. Langfristig seien Pr\u00e4ventionsma\u00dfnahmen jedoch effektiver, die verhinderten, dass Menschen \u00fcberhaupt in prek\u00e4re Situationen gerieten. <\/p>\n","protected":false},"excerpt":{"rendered":"Mehrere M\u00e4nner stehen an einem Sommermorgen in einer Reihe vor dem K\u00e4ltebus in der Duisburger Innenstadt. Susanne Wittenborn&hellip;\n","protected":false},"author":2,"featured_media":1240536,"comment_status":"","ping_status":"","sticky":false,"template":"","format":"standard","meta":{"footnotes":"","_share_on_mastodon":"0"},"categories":[1838],"tags":[3364,29,3715,30,1209,11891,1458,1973],"class_list":["post-1240535","post","type-post","status-publish","format-standard","has-post-thumbnail","category-duisburg","tag-de","tag-deutschland","tag-duisburg","tag-germany","tag-nordrhein-westfalen","tag-obdachlosigkeit","tag-soziales","tag-wetter"],"share_on_mastodon":{"url":"","error":""},"_links":{"self":[{"href":"https:\/\/www.europesays.com\/de\/wp-json\/wp\/v2\/posts\/1240535","targetHints":{"allow":["GET"]}}],"collection":[{"href":"https:\/\/www.europesays.com\/de\/wp-json\/wp\/v2\/posts"}],"about":[{"href":"https:\/\/www.europesays.com\/de\/wp-json\/wp\/v2\/types\/post"}],"author":[{"embeddable":true,"href":"https:\/\/www.europesays.com\/de\/wp-json\/wp\/v2\/users\/2"}],"replies":[{"embeddable":true,"href":"https:\/\/www.europesays.com\/de\/wp-json\/wp\/v2\/comments?post=1240535"}],"version-history":[{"count":0,"href":"https:\/\/www.europesays.com\/de\/wp-json\/wp\/v2\/posts\/1240535\/revisions"}],"wp:featuredmedia":[{"embeddable":true,"href":"https:\/\/www.europesays.com\/de\/wp-json\/wp\/v2\/media\/1240536"}],"wp:attachment":[{"href":"https:\/\/www.europesays.com\/de\/wp-json\/wp\/v2\/media?parent=1240535"}],"wp:term":[{"taxonomy":"category","embeddable":true,"href":"https:\/\/www.europesays.com\/de\/wp-json\/wp\/v2\/categories?post=1240535"},{"taxonomy":"post_tag","embeddable":true,"href":"https:\/\/www.europesays.com\/de\/wp-json\/wp\/v2\/tags?post=1240535"}],"curies":[{"name":"wp","href":"https:\/\/api.w.org\/{rel}","templated":true}]}}