{"id":1240559,"date":"2026-08-16T14:21:02","date_gmt":"2026-08-16T14:21:02","guid":{"rendered":"https:\/\/www.europesays.com\/de\/1240559\/"},"modified":"2026-08-16T14:21:02","modified_gmt":"2026-08-16T14:21:02","slug":"donnerstag-der-13-august-2026-mann-nach-wohnungsbrand-tot-aufgefunden-und-verdacht-auf-drogenhandel-%c2%b7-leipziger-zeitung","status":"publish","type":"post","link":"https:\/\/www.europesays.com\/de\/1240559\/","title":{"rendered":"Donnerstag, der 13. August 2026: Mann nach Wohnungsbrand tot aufgefunden und Verdacht auf Drogenhandel \u00b7 Leipziger Zeitung"},"content":{"rendered":"<p class=\"translation-notice\">This article is also available in English: <a href=\"https:\/\/www.l-iz.de\/en\/the-day\/2026\/08\/thursday-13-august-2026-man-found-dead-following-a-flat-fire-suspected-drug-dealing-667168\" rel=\"nofollow noopener\" target=\"_blank\">Read this article in English<\/a>.<\/p>\n<p>In der vergangenen Nacht brannte eine Wohnung im S\u00fcdosten von Leipzig, ein Mann konnte nur noch tot geborgen werden. Und: Ein Sp\u00e4ti auf der Zweinaundorfer Stra\u00dfe wurde wegen Verdachts auf Bet\u00e4ubungsmittelhandel versiegelt sowie ein Mann festgenommen. Die LZ fasst zusammen, was am Donnerstag, dem 13. August 2026, in Leipzig, Sachsen und dar\u00fcber hinaus wichtig war.<\/p>\n<p>Wohnungsbrand in Hochgeschosser: Feuerwehr findet Leiche eines Mieters<\/p>\n<p>Ein Wohnungsbrand in der vergangenen Nacht hat einen Menschen das Leben gekostet: Diese traurige Neuigkeit musste heute die Leipziger Polizeidirektion (PD) vermelden. Wie PD-Sprecher Paul Engelmann informiert, brach das Feuer am fr\u00fchen Morgen um ca. 01:35 Uhr im zehnten Stock eines Hochgeschossers in der Stra\u00dfe des 18. Oktober aus.<\/p>\n<p><img decoding=\"async\" src=\"https:\/\/www.europesays.com\/de\/wp-content\/uploads\/2026\/08\/3ff05bc777a843bc8a778f2a0362cf45.gif\" alt=\"\" width=\"https:\/\/www.l-iz.de\/der-tag\/2026\/08\/1\" height=\"https:\/\/www.l-iz.de\/der-tag\/2026\/08\/1\"\/>Kr\u00e4fte der Feuerwehr stie\u00dfen in der Brandwohnung auf deren leblosen Mieter \u2013 f\u00fcr den 57-J\u00e4hrigen konnte nichts mehr getan werden. Weitere Bewohner und Wohneinheiten im Haus seien nach aktueller Kenntnis nicht zu Schaden gekommen. Zwischen 01:45 Uhr und 04:05 Uhr war die Stra\u00dfe wegen des Einsatzes komplett gesperrt. Zur H\u00f6he des Sachschadens ist noch nichts bekannt. Die Kripo ermittelt wegen eines Branddelikts und wird einen Brandursachenermittler hinzuziehen, so der Polizeisprecher.<\/p>\n<p>Sp\u00e4ti nach mutma\u00dflichem Drogenhandel versiegelt<\/p>\n<p>Eine weitere Polizeimeldung von heute bezieht sich auf den Verdacht des Bet\u00e4ubungsmittelhandels. Hintergrund: Bereits gestern fanden laut Beh\u00f6rdensprecher Engelmann Durchsuchungen in einem Sp\u00e4ti auf der Zweinaundorfer Stra\u00dfe statt. Dabei sei auch ein Sp\u00fcrhund zum Einsatz gebracht worden. Nach Polizeiangaben wurden am Ende 70 Gramm Crystal Meth, \u00fcber 250 Gramm Heroin, circa 150 Gramm Cannabis sowie mehrere Tabletten konfisziert, darunter Ecstasy, Subutex und Tilidin.\u00a0<\/p>\n<p>Ein 30 Jahre alter Mann wurde vorl\u00e4ufig festgenommen, nach einer erkennungsdienstlichen Behandlung ist er inzwischen wieder frei. Die Stadt Leipzig hat den Sp\u00e4ti versiegelt. Das zust\u00e4ndige Fachkommissariat der Kripo ermittelt wegen mutma\u00dflichen Bet\u00e4ubungsmittelhandels.<\/p>\n<p><strong>Wor\u00fcber die LZ heute berichtet hat:<\/strong><\/p>\n<p><a class=\"post-link\" href=\"https:\/\/www.l-iz.de\/leben\/gesellschaft\/2026\/08\/gastkommentar-von-christian-wolff-zum-13-august-2026-die-mauer-667106\" target=\"_blank\" rel=\"noopener nofollow\">Gastkommentar von Christian Wolff: 13. August 2026 \u2013 Die Mauer<\/a><\/p>\n<p><a class=\"post-link\" href=\"https:\/\/www.l-iz.de\/kultur\/ausstellungen\/2026\/08\/leipzigs-fotografiegeschichten-zwei-thematische-fuhrungen-ausstellung-altes-rathaus-666994\" target=\"_blank\" rel=\"noopener nofollow\">Leipzigs Fotografiegeschichten: Zwei thematische F\u00fchrungen durch die Ausstellung im Alten Rathaus<\/a><\/p>\n<p><a class=\"post-link\" href=\"https:\/\/www.l-iz.de\/politik\/kassensturz\/2026\/08\/neue-diw-studie-staatliche-investitionen-stabilisieren-wirtschaft-wirksamer-steuersenkungen-666975\" target=\"_blank\" rel=\"noopener nofollow\">Neue DIW-Studie: Staatliche Investitionen stabilisieren die Wirtschaft viel wirksamer als Steuersenkungen<\/a><\/p>\n<p><a class=\"post-link\" href=\"https:\/\/www.l-iz.de\/der-tag\/2026\/08\/hallo-leipzig-so-startet-donnerstag-der-13-august-2026-666970\" target=\"_blank\" rel=\"noopener nofollow\">Hallo Leipzig: So startet Donnerstag, der 13. August 2026<\/a><\/p>\n<p><a class=\"post-link\" href=\"https:\/\/www.l-iz.de\/politik\/region\/2026\/08\/fast-11-millionen-euro-fur-die-touristische-erschliessung-der-grunaer-buch-325-meter-strandpromenade-285-stellplatze-666875\" target=\"_blank\" rel=\"noopener nofollow\">Fast 11 Millionen Euro f\u00fcr die \u201etouristische Erschlie\u00dfung\u201c der Grunaer Bucht: 325 Meter Strandpromenade und 285 Stellpl\u00e4tze<\/a><\/p>\n<p><a class=\"post-link\" href=\"https:\/\/www.l-iz.de\/politik\/region\/2026\/08\/fast-11-millionen-euro-fur-die-touristische-erschliessung-der-grunaer-buch-325-meter-strandpromenade-285-stellplatze-666875\" target=\"_blank\" rel=\"noopener nofollow\">Fast 11 Millionen Euro f\u00fcr die \u201etouristische Erschlie\u00dfung\u201c der Grunaer Bucht: 325 Meter Strandpromenade und 285 Stellpl\u00e4tze<\/a><\/p>\n<p><a class=\"post-link\" href=\"https:\/\/www.l-iz.de\/politik\/sachsen\/2026\/08\/fordertopf-fur-klimaschutz-wird-nicht-leer-sachse-kommunen-fehlt-geld-antrage-stellen-666972\" target=\"_blank\" rel=\"noopener nofollow\">F\u00f6rdertopf f\u00fcr Klimaschutz wird nicht leer: Sachsens Kommunen fehlt das Geld, um Antr\u00e4ge zu stellen<\/a><\/p>\n<p><strong>Was sonst noch so los war:<\/strong><\/p>\n<p>Noch bis Dezember 2026 l\u00e4uft das Themenjahr \u201eTacheles\u201c zur j\u00fcdischen Kultur in Sachsen \u2013 und wartet bis dahin noch mit \u00fcber 100 Veranstaltungen auf, <a href=\"https:\/\/www.leipzig.de\/newsarchiv\/news\/tacheles-in-leipzig-noch-mehr-als-100-veranstaltungen-bis-jahresende\" target=\"_blank\" rel=\"noopener nofollow\">so die Stadt Leipzig<\/a>.<\/p>\n<p>Das Amtsgericht Chemnitz <a href=\"https:\/\/www.mdr.de\/nachrichten\/sachsen\/chemnitz\/chemnitz-stollberg\/news-boehmermann-rechtsstreit-champagner-afd,haftbefehl-krah-100.html\" target=\"_blank\" rel=\"noopener nofollow\">erlie\u00df Haftbefehl<\/a> gegen den AfD-Bundestagsabgeordneten Maximilian Krah (49). Hintergrund sind die Folgen einer rechtlichen Auseinandersetzung mit TV-Satiriker Jan B\u00f6hmermann (45).<\/p>\n<p><a href=\"https:\/\/www.deutschlandfunk.de\/berlin-erinnert-an-mauerbau-vor-65-jahren-100.html\" target=\"_blank\" rel=\"noopener nofollow\">In Berlin<\/a> und andernorts wurde mit Gedenkveranstaltungen an den Beginn des Mauerbaus erinnert und eindringlich vor einer retrospektiven Verkl\u00e4rung der DDR gewarnt: Vor genau 65 Jahren hatte die SED die Grenzen nach West-Berlin hermetisch abriegeln lassen. Bis zum Fall der Mauer 1989 starben zahlreiche Menschen unter anderem durch Sch\u00fcsse bei Fluchtversuchen.<\/p>\n<p>Wegen Niedrigwasser in der Donau <a href=\"https:\/\/www.l-iz.de\/wp-admin\/post.php?post=667132&amp;action=edit\" target=\"_blank\" rel=\"noopener nofollow\">wurde das einzige Atomkraftwerk Rum\u00e4niens heruntergefahren<\/a>.<\/p>\n","protected":false},"excerpt":{"rendered":"This article is also available in English: Read this article in English. In der vergangenen Nacht brannte eine&hellip;\n","protected":false},"author":2,"featured_media":1081665,"comment_status":"","ping_status":"","sticky":false,"template":"","format":"standard","meta":{"footnotes":"","_share_on_mastodon":"0"},"categories":[1832],"tags":[8242,2919,3364,2409,29,433,30,71,859,154911],"class_list":["post-1240559","post","type-post","status-publish","format-standard","has-post-thumbnail","category-leipzig","tag-anger-crottendorf","tag-brand","tag-de","tag-der-tag","tag-deutschland","tag-drogen","tag-germany","tag-leipzig","tag-sachsen","tag-zweinaundorfer-strasse"],"share_on_mastodon":{"url":"https:\/\/pubeurope.com\/@de\/117105636985494394","error":""},"_links":{"self":[{"href":"https:\/\/www.europesays.com\/de\/wp-json\/wp\/v2\/posts\/1240559","targetHints":{"allow":["GET"]}}],"collection":[{"href":"https:\/\/www.europesays.com\/de\/wp-json\/wp\/v2\/posts"}],"about":[{"href":"https:\/\/www.europesays.com\/de\/wp-json\/wp\/v2\/types\/post"}],"author":[{"embeddable":true,"href":"https:\/\/www.europesays.com\/de\/wp-json\/wp\/v2\/users\/2"}],"replies":[{"embeddable":true,"href":"https:\/\/www.europesays.com\/de\/wp-json\/wp\/v2\/comments?post=1240559"}],"version-history":[{"count":0,"href":"https:\/\/www.europesays.com\/de\/wp-json\/wp\/v2\/posts\/1240559\/revisions"}],"wp:featuredmedia":[{"embeddable":true,"href":"https:\/\/www.europesays.com\/de\/wp-json\/wp\/v2\/media\/1081665"}],"wp:attachment":[{"href":"https:\/\/www.europesays.com\/de\/wp-json\/wp\/v2\/media?parent=1240559"}],"wp:term":[{"taxonomy":"category","embeddable":true,"href":"https:\/\/www.europesays.com\/de\/wp-json\/wp\/v2\/categories?post=1240559"},{"taxonomy":"post_tag","embeddable":true,"href":"https:\/\/www.europesays.com\/de\/wp-json\/wp\/v2\/tags?post=1240559"}],"curies":[{"name":"wp","href":"https:\/\/api.w.org\/{rel}","templated":true}]}}