{"id":1240585,"date":"2026-08-16T14:36:19","date_gmt":"2026-08-16T14:36:19","guid":{"rendered":"https:\/\/www.europesays.com\/de\/1240585\/"},"modified":"2026-08-16T14:36:19","modified_gmt":"2026-08-16T14:36:19","slug":"baustellenkommunikation-wird-in-berlin-weiter-ausgebaut","status":"publish","type":"post","link":"https:\/\/www.europesays.com\/de\/1240585\/","title":{"rendered":"Baustellenkommunikation wird in Berlin weiter ausgebaut"},"content":{"rendered":"<p>&#13;<br \/>\n\t&#13;<br \/>\n&#13;<\/p>\n<p>\t\t\t\t\t<img decoding=\"async\" src=\"https:\/\/www.europesays.com\/de\/wp-content\/uploads\/2026\/08\/citywestbauzaun870.jpg\" alt=\"City-West: Baustelle bis 2031\"\/><\/p>\n<p>City-West bis 2031 mit vielen Bauzaun-Perspektiven &#8211; Foto: \u00a9 Michael Springer<\/p>\n<p>\t&#13;<br \/>\n\t&#13;<br \/>\n\t&#13;<br \/>\n\t&#13;<br \/>\n\t\t&#13;<br \/>\n&#13;<br \/>\n\t\t\t&#13;<br \/>\n\t&#13;<\/p>\n<p>Das digitale Informationsangebot der Verkehrsinformationszentrale Berlin (VIZ Berlin) wird ausgebaut. Neue digitale Angebote der VIZ Berlin schaffen k\u00fcnftig mehr Transparenz \u00fcber Baustellen, Verkehrsdaten und Verkehrsfluss. Die Website der Senatsverwaltung f\u00fcr Mobilit\u00e4t, Verkehr, Klimaschutz und Umwelt (SenMVKU) wird um Gesamtkonzept erweitert.<br \/>Ein weitere Baustein im Gesamtkonzept der Baustellenkoordinierung wird realisiert. So k\u00f6nnen k\u00fcnftig mit Hilfe der Software \u201eANTRACITE\u201c neben der aktuellen Verkehrslage auch zur\u00fcckliegende Verkehrsdaten ausgewertet werden (<a href=\"https:\/\/viz.berlin.de\/verkehr-in-berlin\/verkehrsanalysen\/verkehrslage\/\" rel=\"nofollow noopener\" target=\"_blank\">Analyse der historischen Verkehrslage<\/a>). Zudem wird der Gesamtbestand der planbaren Ereignisse im \u00f6ffentlichen Stra\u00dfenland ver\u00f6ffentlicht. <br \/>\u201eANTRACITE\u201c (ANalytics software for TRAffic Conditions In urban TErritories) wertet dazu GPS-basierte Geschwindigkeitsdaten aus Fahrzeugen und Apps aus. Damit lassen sich aktuelle und historische Verkehrslagen schnell vergleichen. So k\u00f6nnen beispielsweise baustellenbedingte Engp\u00e4sse und m\u00f6gliche Auswirkungen von Umleitungen besser analysiert werden. Die Software steht kostenlos auch anderen Kommunen, L\u00e4ndern und Forschungseinrichtungen zur Verf\u00fcgung.<\/p>\n<p>Neu auf der VIZ-Webseite ist au\u00dferdem die umfassende Darstellung aller planbaren Ereignisse im \u00f6ffentlichen Stra\u00dfenland (<a href=\"https:\/\/viz.berlin.de\/site\/_masterportal\/berlin\/index.html?MAPS=%7b%22center%22:%5b390827.06866778963,5818086.112368556%5d,%22mode%22:%222D%22,%22zoom%22:4%7d&amp;MENU=%7b%22main%22:%7b%22currentComponent%22:%22root%22%7d,%22secondary%22:%7b%22currentComponent%22:%22root%22%7d%7d&amp;LAYERS=%5b%7b%22id%22:%22basemap_raster_grau%22,%22visibility%22:true,%22transparency%22:40%7d,%7b%22id%22:%22planb_ereignisse%22,%22visibility%22:true%7d%5d&amp;MAINCLOSED=true&amp;lng=de\" rel=\"nofollow noopener\" target=\"_blank\">Digitale Plattform Stadtverkehr<\/a>). Dazu z\u00e4hlen insbesondere geplante Baustellen im Haupt- und Nebenstra\u00dfennetz. Per Filterfunktion k\u00f6nnen Ma\u00dfnahmen beispielsweise nach Bezirk, Art der Einschr\u00e4nkung oder Auswirkungen auf den Verkehr ausgew\u00e4hlt werden. Die Plattform informiert auch \u00fcber Baustellen in Brandenburg.<\/p>\n<p>Eine zus\u00e4tzliche, fokussierte Ansicht b\u00fcndelt die wichtigsten Baustellen, Sperrungen und sonstigen St\u00f6rungen im Berliner Hauptstra\u00dfennetz (<a href=\"https:\/\/viz.berlin.de\/verkehr-in-berlin\/baustellen-sperrungen-und-sonstige-storungen\/\" rel=\"nofollow noopener\" target=\"_blank\">Baustellen, Sperrungen und sonstige St\u00f6rungen<\/a>).<\/p>\n<p><strong>Weitere Informationen:<\/strong><\/p>\n<p>Internetseite <a href=\"https:\/\/www.berlin.de\/sen\/uvk\/mobilitaet-und-verkehr\/infrastruktur\/baustellenkoordinierung\/\" rel=\"nofollow noopener\" target=\"_blank\">Baustellenkoordinierung in Berlin<\/a><\/p>\n<p><strong>Public Media<\/strong> \u2014 Offene Medien- und sichtbare Zugangsebene f\u00fcr Stadtinformationen*<\/p>\n<p>*) Newsbasiert, inklusiver OpenAccess, redaktionell kuratiert.<\/p>\n<p>\t\t\t&#13;<br \/>\n&#13;<br \/>\n\t&#13;<\/p>\n","protected":false},"excerpt":{"rendered":"&#13; &#13; &#13; City-West bis 2031 mit vielen Bauzaun-Perspektiven &#8211; Foto: \u00a9 Michael Springer &#13; &#13; &#13; &#13;&hellip;\n","protected":false},"author":2,"featured_media":1240586,"comment_status":"","ping_status":"","sticky":false,"template":"","format":"standard","meta":{"footnotes":"","_share_on_mastodon":"0"},"categories":[1825],"tags":[1941,1939,19729,296,1937,29,30,19730,2075,14,1940,1938,530,16,3871,1009,19728,4283,8509,55],"class_list":["post-1240585","post","type-post","status-publish","format-standard","has-post-thumbnail","category-berlin","tag-aktuelle-nachrichten-aus-berlin","tag-aktuelle-news-aus-berlin","tag-bauvorhaben","tag-berlin","tag-berlin-news","tag-deutschland","tag-germany","tag-interkultur","tag-kunst","tag-nachrichten","tag-nachrichten-aus-berlin","tag-news-aus-berlin","tag-pankow","tag-politik","tag-prenzlauer-berg","tag-recht","tag-schoenhauser-allee","tag-shopping","tag-weissensee","tag-wirtschaft"],"share_on_mastodon":{"url":"https:\/\/pubeurope.com\/@de\/117105695874682316","error":""},"_links":{"self":[{"href":"https:\/\/www.europesays.com\/de\/wp-json\/wp\/v2\/posts\/1240585","targetHints":{"allow":["GET"]}}],"collection":[{"href":"https:\/\/www.europesays.com\/de\/wp-json\/wp\/v2\/posts"}],"about":[{"href":"https:\/\/www.europesays.com\/de\/wp-json\/wp\/v2\/types\/post"}],"author":[{"embeddable":true,"href":"https:\/\/www.europesays.com\/de\/wp-json\/wp\/v2\/users\/2"}],"replies":[{"embeddable":true,"href":"https:\/\/www.europesays.com\/de\/wp-json\/wp\/v2\/comments?post=1240585"}],"version-history":[{"count":0,"href":"https:\/\/www.europesays.com\/de\/wp-json\/wp\/v2\/posts\/1240585\/revisions"}],"wp:featuredmedia":[{"embeddable":true,"href":"https:\/\/www.europesays.com\/de\/wp-json\/wp\/v2\/media\/1240586"}],"wp:attachment":[{"href":"https:\/\/www.europesays.com\/de\/wp-json\/wp\/v2\/media?parent=1240585"}],"wp:term":[{"taxonomy":"category","embeddable":true,"href":"https:\/\/www.europesays.com\/de\/wp-json\/wp\/v2\/categories?post=1240585"},{"taxonomy":"post_tag","embeddable":true,"href":"https:\/\/www.europesays.com\/de\/wp-json\/wp\/v2\/tags?post=1240585"}],"curies":[{"name":"wp","href":"https:\/\/api.w.org\/{rel}","templated":true}]}}