{"id":1240608,"date":"2026-08-16T14:50:19","date_gmt":"2026-08-16T14:50:19","guid":{"rendered":"https:\/\/www.europesays.com\/de\/1240608\/"},"modified":"2026-08-16T14:50:19","modified_gmt":"2026-08-16T14:50:19","slug":"eric-stehfest-gibt-zu-beziehung-mit-franziska-temme-war-pr","status":"publish","type":"post","link":"https:\/\/www.europesays.com\/de\/1240608\/","title":{"rendered":"Eric Stehfest gibt zu: Beziehung mit Franziska Temme war PR"},"content":{"rendered":"<p>\nSeine Ex sieht das aber anders\n<\/p>\n<p>Aktualisiert am 16.08.2026, 16:21 Uhr\n<\/p>\n<p><a href=\"https:\/\/i0.web.de\/image\/432\/42619432,pd=1\/eric-stehfest-zahlreichen-reality-formaten-teilgen.jpg\" data-brain-zone=\".42619430.content.lead.1\" data-component-path=\"content.lead.1\" data-component-name=\"article-image\" rel=\"nofollow noopener\" target=\"_blank\"> <\/p>\n<p><img loading=\"lazy\" decoding=\"async\" src=\"https:\/\/www.europesays.com\/de\/wp-content\/uploads\/2026\/08\/eric-stehfest-zahlreichen-reality-formaten-teilgen.jpg\" alt=\"Eric Stehfest hat bereits an zahlreichen Reality-Formaten teilgenommen.\" width=\"950\" height=\"534\"\/><\/p>\n<p><\/a> <\/p>\n<p>\nEric Stehfest hat bereits an zahlreichen Reality-Formaten teilgenommen.<br \/>\n\u00a9\u00a0IMAGO\/Panama Pictures\n<\/p>\n<p class=\"content__description\" data-speakable=\"\">Monatelang haben Eric Stehfest und Franziska Temme als frisch verliebtes Reality-Paar gewirkt. Nun r\u00e4umt der 37-J\u00e4hrige ein, dass hinter den gemeinsamen Auftritten ein Kalk\u00fcl steckte. Seine Ex-Partnerin schildert die Sache allerdings v\u00f6llig anders.<\/p>\n<p data-speakable=\"\"><a data-component-name=\"link.semantic\" data-brain-zone=\".42619430.content.textlink_1\" data-component-path=\"content.textlink_1\" href=\"https:\/\/web.de\/magazine\/unterhaltung\/thema\/eric-stehfest\" rel=\"nofollow noopener\" target=\"_blank\">Eric Stehfest<\/a> (37) hat einger\u00e4umt, dass seine Beziehung zu <a data-component-name=\"link.semantic\" data-brain-zone=\".42619430.content.textlink_2\" data-component-path=\"content.textlink_2\" href=\"https:\/\/web.de\/magazine\/unterhaltung\/thema\/franziska-temme\" rel=\"nofollow noopener\" target=\"_blank\">Franziska Temme<\/a> (31) nicht ehrlich war. &#8222;Tats\u00e4chlich ist es mir passiert, dass ich vor geraumer Zeit meine Werte \u00fcber Bord geschmissen habe. Das tut mir auch verdammt leid. Diese ganze Geschichte rund um Franzi war tats\u00e4chlich PR&#8220;, sagte der Reality-Darsteller in einem Instagram-Statement. <\/p>\n<p data-speakable=\"\">Der Zweck sei Reichweite gewesen. &#8222;Es ging darum, Aufmerksamkeit zu generieren, um in gemeinsame Formate gehen zu k\u00f6nnen. Ich habe diese Idee genauso entwickelt wie Franzi auch&#8220;, so Stehfest. Vor allem f\u00fcr sein Verhalten gegen\u00fcber den Zuschauern, deren Gef\u00fchle er manipuliert habe, zeigte er Reue: &#8222;Daf\u00fcr m\u00f6chte ich mich entschuldigen.&#8220;<\/p>\n<p>Eric Stehfest: &#8222;Nach der Trennung von Edith ging es mir wahnsinnig schlecht&#8220;<\/p>\n<p data-speakable=\"\">Die Idee dass Prominente Liebe vort\u00e4uschen, um zu zweit gebucht zu werden und daran zu verdienen, sei ihm irgendwann zu Ohren gekommen, schilderte der Schauspieler. F\u00fcr ihn kam das in einer Phase, in der er nach eigenen Worten am Boden war. &#8222;Nach der Trennung von Edith ging es mir wahnsinnig schlecht. Ich hatte den Glauben an die Liebe f\u00fcr mich verloren, war pl\u00f6tzlich mit zwei Kindern alleine und musste zusehen, dass ich unsere Existenz sichere.&#8220;<\/p>\n<p data-speakable=\"\">Von einer Zukunft mit einer Partnerin habe er sich ohnehin verabschiedet gehabt. &#8222;Und da ich mit der Liebe sowieso abgeschlossen hatte, dachte ich mir: Schei\u00df&#8216; drauf, versuchste das auch mal.&#8220;<\/p>\n<p>Stehfest und Temme: vom Dreh auf den roten Teppich<\/p>\n<p data-speakable=\"\">\u00dcber den Weg gelaufen sind sich Stehfest und Temme wohl im September 2025, bei den Dreharbeiten zur vierten &#8222;Promis unter Palmen&#8220;-Staffel. Konkret geworden sei der Einfall erst Monate sp\u00e4ter, auf der Fahrt zur Januar-Premiere von &#8222;Couple Challenge&#8220;.<\/p>\n<p data-speakable=\"\">Der Plan ging auf: Ihre Beziehung war in aller Munde. Sogar der Schlussstrich im April kam mit einer glaubw\u00fcrdigen Begr\u00fcndung: F\u00fcr eine ernsthafte Beziehung habe es gef\u00fchlsm\u00e4\u00dfig nicht gereicht.<\/p>\n<p>Temme bestreitet die Absprache<\/p>\n<p data-speakable=\"\">Widerspruch kam kurz nach dem Gest\u00e4ndnis \u00fcber eine Instagram-Story. Temme bestreitet, an einer Inszenierung mitgewirkt zu haben: &#8222;Von meiner Seite gab es zu keinem Zeitpunkt den Plan oder irgendeine Absprache, eine Beziehung f\u00fcr die \u00d6ffentlichkeit zu inszenieren oder daraus bewusst PR zu machen.&#8220; Sie habe immer von einer Kennenlernphase gesprochen, im Bekanntenkreis wie vor Publikum. Rasch sei ihr aufgefallen, dass die beiden mit ganz unterschiedlichen Absichten in die Sache gegangen seien.<\/p>\n<p><strong>Empfehlungen der Redaktion<\/strong><\/p>\n<p data-speakable=\"\">&#8222;Umso entt\u00e4uschender ist es f\u00fcr mich, jetzt \u00f6ffentlich so dargestellt zu werden, als h\u00e4tte ich von Anfang an gewusst, dass es angeblich um PR geht&#8220;, f\u00fcgte Temme hinzu. Sie bestreitet, dass sie an Stehfests PR-Plan mitgewirkt habe. (des\/spot)\u00a0<br \/>\n\u00a9 1&amp;1 Mail &amp; Media\/spot on news<\/p>\n","protected":false},"excerpt":{"rendered":"Seine Ex sieht das aber anders Aktualisiert am 16.08.2026, 16:21 Uhr Eric Stehfest hat bereits an zahlreichen Reality-Formaten&hellip;\n","protected":false},"author":2,"featured_media":1240609,"comment_status":"","ping_status":"","sticky":false,"template":"","format":"standard","meta":{"footnotes":"","_share_on_mastodon":"0"},"categories":[155],"tags":[29,214,116597,257193,30,215],"class_list":["post-1240608","post","type-post","status-publish","format-standard","has-post-thumbnail","category-unterhaltung","tag-deutschland","tag-entertainment","tag-eric-stehfest","tag-franziska-temme","tag-germany","tag-unterhaltung"],"share_on_mastodon":{"url":"https:\/\/pubeurope.com\/@de\/117105749316577043","error":""},"_links":{"self":[{"href":"https:\/\/www.europesays.com\/de\/wp-json\/wp\/v2\/posts\/1240608","targetHints":{"allow":["GET"]}}],"collection":[{"href":"https:\/\/www.europesays.com\/de\/wp-json\/wp\/v2\/posts"}],"about":[{"href":"https:\/\/www.europesays.com\/de\/wp-json\/wp\/v2\/types\/post"}],"author":[{"embeddable":true,"href":"https:\/\/www.europesays.com\/de\/wp-json\/wp\/v2\/users\/2"}],"replies":[{"embeddable":true,"href":"https:\/\/www.europesays.com\/de\/wp-json\/wp\/v2\/comments?post=1240608"}],"version-history":[{"count":0,"href":"https:\/\/www.europesays.com\/de\/wp-json\/wp\/v2\/posts\/1240608\/revisions"}],"wp:featuredmedia":[{"embeddable":true,"href":"https:\/\/www.europesays.com\/de\/wp-json\/wp\/v2\/media\/1240609"}],"wp:attachment":[{"href":"https:\/\/www.europesays.com\/de\/wp-json\/wp\/v2\/media?parent=1240608"}],"wp:term":[{"taxonomy":"category","embeddable":true,"href":"https:\/\/www.europesays.com\/de\/wp-json\/wp\/v2\/categories?post=1240608"},{"taxonomy":"post_tag","embeddable":true,"href":"https:\/\/www.europesays.com\/de\/wp-json\/wp\/v2\/tags?post=1240608"}],"curies":[{"name":"wp","href":"https:\/\/api.w.org\/{rel}","templated":true}]}}