{"id":1240621,"date":"2026-08-16T14:57:50","date_gmt":"2026-08-16T14:57:50","guid":{"rendered":"https:\/\/www.europesays.com\/de\/1240621\/"},"modified":"2026-08-16T14:57:50","modified_gmt":"2026-08-16T14:57:50","slug":"aachen-hannover-96-verlaengert-mit-ex-alemannia-torjaeger-gindorf","status":"publish","type":"post","link":"https:\/\/www.europesays.com\/de\/1240621\/","title":{"rendered":"Aachen: Hannover 96 verl\u00e4ngert mit Ex-Alemannia-Torj\u00e4ger Gindorf"},"content":{"rendered":"<p>Passt &#8222;sowohl sportlich als auch menschlich&#8220; <\/p>\n<p>Ex-Alemannia-Torj\u00e4ger verl\u00e4ngert bei Hannover 96<\/p>\n<p>16.08.2026 &#8211; 13:55 UhrLesedauer: 1 Min.<\/p>\n<p><a href=\"#focus-0\" class=\"transition-colors block text-current relative\" data-sctrack=\"FocusGalleryImage.Reference\"><img fetchpriority=\"high\" data-testid=\"Opener.Image\"   loading=\"eager\" src=\"https:\/\/www.europesays.com\/de\/wp-content\/uploads\/2026\/08\/1786892269_68_image.jpg\" alt=\"imago images 1077637361\" title=\"imago images 1077637361\" width=\"7008\" height=\"3942\" class=\"bg-[url:var(--lqipURL)] bg-cover bg-center flex h-full w-full max-w-full\" style=\"--lqipURL:url('https:\/\/images.t-online.de\/2026\/08\/z2wgZWJ5RbZR\/0x365:7008x3942\/fit-in\/150x0\/filters:blur(25)\/image.jpg')\" decoding=\"async\"\/><img loading=\"lazy\" src=\"https:\/\/aachen.t-online.de\/s\/paper\/_next\/static\/media\/zoom-in.f7dae02f.svg\" alt=\"Vergr\u00f6\u00dfern des Bildes\" title=\"Vergr\u00f6\u00dfern des Bildes\" class=\"block h-[calc(var(--height)_\/_16_*_1rem)] w-[calc(var(--width)_\/_16_*_1rem)] max-w-none absolute right-8 bottom-8 rounded-4 bg-snow p-8\" style=\"--width:32;--height:32\" decoding=\"async\"\/><\/a><\/p>\n<p>Lars Gindorf im Alemannia-Trikot (Archivbild): Der ehemalige Torj\u00e4ger der Aachener hat nun seinen Vertrag bei Hannover 96 langfristig verl\u00e4ngert. (Quelle: IMAGO \/ Eibner)<\/p>\n<p><img loading=\"lazy\" src=\"https:\/\/aachen.t-online.de\/s\/paper\/_next\/static\/media\/audio-volume.6689034c.svg\" alt=\"\" title=\"\" class=\"block h-[calc(var(--height)_\/_16_*_1rem)] w-[calc(var(--width)_\/_16_*_1rem)] max-w-none group-hover:brightness-0 group-hover:invert\" style=\"--width:16;--height:16\" decoding=\"async\"\/>Vorlesen<\/p>\n<p>Aktuelle Zeit:0:00Gesamtdauer:0:00<\/p>\n<p>1x<\/p>\n<p class=\"text-center\">Jetzt neu bei t-online:<\/p>\n<p class=\"text-center\">Schriftgr\u00f6\u00dfe anpassen!<\/p>\n<p><img loading=\"lazy\" src=\"https:\/\/aachen.t-online.de\/s\/paper\/_next\/static\/media\/font-sizes.32942e33.svg\" alt=\"\" title=\"\" class=\"block h-[calc(var(--height)_\/_16_*_1rem)] w-[calc(var(--width)_\/_16_*_1rem)] max-w-none group-hover:hidden group-aria-expanded:hidden\" style=\"--width:16;--height:16\" decoding=\"async\"\/><img loading=\"lazy\" src=\"https:\/\/aachen.t-online.de\/s\/paper\/_next\/static\/media\/font-sizes-dark-mode.e382645c.svg\" alt=\"\" title=\"\" class=\"block h-[calc(var(--height)_\/_16_*_1rem)] w-[calc(var(--width)_\/_16_*_1rem)] max-w-none hidden group-hover:block group-aria-expanded:block\" style=\"--width:16;--height:16\" decoding=\"async\"\/><img loading=\"lazy\" src=\"https:\/\/aachen.t-online.de\/s\/paper\/_next\/static\/media\/sharing-menu-icon.1eb71368.svg\" alt=\"\" title=\"\" class=\"block h-[calc(var(--height)_\/_16_*_1rem)] w-[calc(var(--width)_\/_16_*_1rem)] max-w-none group-hover:brightness-0 group-hover:invert\" style=\"--width:16;--height:16\" decoding=\"async\"\/>Artikel teilen<\/p>\n<p class=\"font-bold text-18 leading-17 user-text-lg:text-22 user-text-xl:text-24\">Lars Gindorf schoss Alemannia Aachen in der vergangenen Saison als Torsch\u00fctzenk\u00f6nig der 3. Liga zum Erfolg. Nun hat Hannover 96 seinen Vertrag langfristig verl\u00e4ngert.<\/p>\n<p class=\"text-18 leading-17 user-text-lg:text-22 user-text-xl:text-24\">In der vergangenen Saison schoss Lars Gindorf <a href=\"https:\/\/www.t-online.de\/themen\/alemannia-aachen\/\" class=\"transition-colors cursor-pointer no-underline md:hover:text-magenta md:focus:text-magenta border-b border-solid border-current text-salemsfur md:hover:border-magenta\" data-tracking=\"{&quot;action&quot;:&quot;click&quot;,&quot;category&quot;:&quot;intextLink&quot;,&quot;label&quot;:&quot;https:\/\/www.t-online.de\/themen\/alemannia-aachen\/&quot;}\" data-sctrack=\"BodyAnchor\" rel=\"nofollow noopener\" target=\"_blank\">Alemannia Aachen<\/a> zum Erfolg und sich selbst zum Torsch\u00fctzenk\u00f6nig der 3. Liga. Nach seiner R\u00fcckkehr zu Hannover 96 ist nun auch die Zukunft des ehemaligen Aachen-St\u00fcrmers gekl\u00e4rt.<\/p>\n<p class=\"text-18 leading-17 user-text-lg:text-22 user-text-xl:text-24\">Der Fu\u00dfball-Zweitligist hat den Vertrag mit dem 25-J\u00e4hrigen langfristig verl\u00e4ngert. Die Entscheidung gab Hannover kurz vor dem Anpfiff des Spiels gegen den VfL Wolfsburg am Sonntag unter dem Jubel der Fans im Stadion bekannt.<\/p>\n<p>Lars Gindorf: 96-Sportdirektor lobt Entwicklung<\/p>\n<p class=\"text-18 leading-17 user-text-lg:text-22 user-text-xl:text-24\">F\u00fcr die Alemannia war Gindorf in der vergangenen Spielzeit auf Leihbasis am Tivoli aktiv. Dort entwickelte sich der Angreifer zu einem der entscheidenden Leistungstr\u00e4ger und sicherte sich am Ende die Torj\u00e4gerkrone der 3. Liga. Anschlie\u00dfend kehrte er zu seinem Stammverein Hannover 96 zur\u00fcck.<\/p>\n<p class=\"text-18 leading-17 user-text-lg:text-22 user-text-xl:text-24\">Sein Vertrag in Niedersachsen w\u00e4re urspr\u00fcnglich am Ende dieser Saison ausgelaufen. Hannover stellte deshalb fr\u00fch klar, dass es nur zwei M\u00f6glichkeiten geben sollte: eine Verl\u00e4ngerung oder einen Verkauf. Nach seiner erfolgreichen Zeit in Aachen habe Gindorf sichtbar einen Entwicklungsschritt gemacht und passe &#8222;sowohl sportlich als auch menschlich sehr gut in unsere Mannschaft&#8220;, erkl\u00e4rte Hannovers Sport-Gesch\u00e4ftsf\u00fchrer Jonas Boldt.<\/p>\n","protected":false},"excerpt":{"rendered":"Passt &#8222;sowohl sportlich als auch menschlich&#8220; Ex-Alemannia-Torj\u00e4ger verl\u00e4ngert bei Hannover 96 16.08.2026 &#8211; 13:55 UhrLesedauer: 1 Min. Lars&hellip;\n","protected":false},"author":2,"featured_media":1240622,"comment_status":"","ping_status":"","sticky":false,"template":"","format":"standard","meta":{"footnotes":"","_share_on_mastodon":"0"},"categories":[1853],"tags":[722,72885,621,1424,999,3364,29,548,663,3934,73398,347,30,46,2366,13,85960,14,15,1209,12],"class_list":["post-1240621","post","type-post","status-publish","format-standard","has-post-thumbnail","category-aachen","tag-722","tag-72885","tag-2-bundesliga","tag-aachen","tag-alemannia-aachen","tag-de","tag-deutschland","tag-eu","tag-europa","tag-europe","tag-fokusthema","tag-fussball","tag-germany","tag-hannover","tag-hannover-96","tag-headlines","tag-lars-gindorf","tag-nachrichten","tag-news","tag-nordrhein-westfalen","tag-schlagzeilen"],"share_on_mastodon":{"url":"https:\/\/pubeurope.com\/@de\/117105781280530780","error":""},"_links":{"self":[{"href":"https:\/\/www.europesays.com\/de\/wp-json\/wp\/v2\/posts\/1240621","targetHints":{"allow":["GET"]}}],"collection":[{"href":"https:\/\/www.europesays.com\/de\/wp-json\/wp\/v2\/posts"}],"about":[{"href":"https:\/\/www.europesays.com\/de\/wp-json\/wp\/v2\/types\/post"}],"author":[{"embeddable":true,"href":"https:\/\/www.europesays.com\/de\/wp-json\/wp\/v2\/users\/2"}],"replies":[{"embeddable":true,"href":"https:\/\/www.europesays.com\/de\/wp-json\/wp\/v2\/comments?post=1240621"}],"version-history":[{"count":0,"href":"https:\/\/www.europesays.com\/de\/wp-json\/wp\/v2\/posts\/1240621\/revisions"}],"wp:featuredmedia":[{"embeddable":true,"href":"https:\/\/www.europesays.com\/de\/wp-json\/wp\/v2\/media\/1240622"}],"wp:attachment":[{"href":"https:\/\/www.europesays.com\/de\/wp-json\/wp\/v2\/media?parent=1240621"}],"wp:term":[{"taxonomy":"category","embeddable":true,"href":"https:\/\/www.europesays.com\/de\/wp-json\/wp\/v2\/categories?post=1240621"},{"taxonomy":"post_tag","embeddable":true,"href":"https:\/\/www.europesays.com\/de\/wp-json\/wp\/v2\/tags?post=1240621"}],"curies":[{"name":"wp","href":"https:\/\/api.w.org\/{rel}","templated":true}]}}