{"id":1240716,"date":"2026-08-16T15:56:16","date_gmt":"2026-08-16T15:56:16","guid":{"rendered":"https:\/\/www.europesays.com\/de\/1240716\/"},"modified":"2026-08-16T15:56:16","modified_gmt":"2026-08-16T15:56:16","slug":"wir-katapultieren-euch-in-die-achtziger-violet-liefern-beim-klinke-festival-in-stuttgart-grossen-sound-und-noch-groessere-gesten","status":"publish","type":"post","link":"https:\/\/www.europesays.com\/de\/1240716\/","title":{"rendered":"\u201eWir katapultieren euch in die Achtziger\u201c: Violet liefern beim Klinke-Festival in Stuttgart gro\u00dfen Sound und noch gr\u00f6\u00dfere Gesten"},"content":{"rendered":"<p><img decoding=\"async\" src=\"https:\/\/www.lkz.de\/pu_lkz\/img\/logo.svg\" class=\"nfy-hide\" alt=\"Logo\"\/><img loading=\"lazy\" decoding=\"async\" alt=\"Violet haben sich einst in der Rockfabrik kennengelernt. Beim Klinke-Festival feiert die Band den AOR-Sound der Achtziger \u2013 mit gro\u00dfen Riffs, Retro-Posen und einer Frontfrau mit Starpotenzial.\" data-nfy-img-placeholder=\"detail\" src=\"https:\/\/www.europesays.com\/de\/wp-content\/uploads\/2026\/08\/1598956_3_detailbig_6a81d6c756d8a.jpg\" title=\"Violet haben sich einst in der Rockfabrik kennengelernt. Beim Klinke-Festival feiert die Band den AOR-Sound der Achtziger \u2013 mit\" width=\"609\" height=\"510\"\/>Violet haben sich einst in der Rockfabrik kennengelernt. Beim Klinke-Festival feiert die Band den AOR-Sound der Achtziger \u2013 mit gro\u00dfen Riffs, Retro-Posen und einer Frontfrau mit Starpotenzial. Foto: Reiner Pfisterer<\/p>\n<p>Gefunden haben sie sich in der Ludwigsburger Rockfabrik. Nun gab das Quintett Violet sein Deb\u00fct beim Klinke-Festival im Stuttgarter Merlin.<\/p>\n","protected":false},"excerpt":{"rendered":"Violet haben sich einst in der Rockfabrik kennengelernt. Beim Klinke-Festival feiert die Band den AOR-Sound der Achtziger \u2013&hellip;\n","protected":false},"author":2,"featured_media":1240717,"comment_status":"","ping_status":"","sticky":false,"template":"","format":"standard","meta":{"footnotes":"","_share_on_mastodon":"0"},"categories":[1830],"tags":[1634,3364,29,218592,30,1310,80,810,1441],"class_list":["post-1240716","post","type-post","status-publish","format-standard","has-post-thumbnail","category-stuttgart","tag-baden-wuerttemberg","tag-de","tag-deutschland","tag-divert-me","tag-germany","tag-konzert","tag-kultur","tag-musik","tag-stuttgart"],"share_on_mastodon":{"url":"https:\/\/pubeurope.com\/@de\/117106011242093103","error":""},"_links":{"self":[{"href":"https:\/\/www.europesays.com\/de\/wp-json\/wp\/v2\/posts\/1240716","targetHints":{"allow":["GET"]}}],"collection":[{"href":"https:\/\/www.europesays.com\/de\/wp-json\/wp\/v2\/posts"}],"about":[{"href":"https:\/\/www.europesays.com\/de\/wp-json\/wp\/v2\/types\/post"}],"author":[{"embeddable":true,"href":"https:\/\/www.europesays.com\/de\/wp-json\/wp\/v2\/users\/2"}],"replies":[{"embeddable":true,"href":"https:\/\/www.europesays.com\/de\/wp-json\/wp\/v2\/comments?post=1240716"}],"version-history":[{"count":0,"href":"https:\/\/www.europesays.com\/de\/wp-json\/wp\/v2\/posts\/1240716\/revisions"}],"wp:featuredmedia":[{"embeddable":true,"href":"https:\/\/www.europesays.com\/de\/wp-json\/wp\/v2\/media\/1240717"}],"wp:attachment":[{"href":"https:\/\/www.europesays.com\/de\/wp-json\/wp\/v2\/media?parent=1240716"}],"wp:term":[{"taxonomy":"category","embeddable":true,"href":"https:\/\/www.europesays.com\/de\/wp-json\/wp\/v2\/categories?post=1240716"},{"taxonomy":"post_tag","embeddable":true,"href":"https:\/\/www.europesays.com\/de\/wp-json\/wp\/v2\/tags?post=1240716"}],"curies":[{"name":"wp","href":"https:\/\/api.w.org\/{rel}","templated":true}]}}