{"id":1240806,"date":"2026-08-16T16:51:17","date_gmt":"2026-08-16T16:51:17","guid":{"rendered":"https:\/\/www.europesays.com\/de\/1240806\/"},"modified":"2026-08-16T16:51:17","modified_gmt":"2026-08-16T16:51:17","slug":"liveblog-so-ungluecklich-verliert-der-wuppertaler-sv-in-velbert","status":"publish","type":"post","link":"https:\/\/www.europesays.com\/de\/1240806\/","title":{"rendered":"Liveblog: So ungl\u00fccklich verliert der Wuppertaler SV in Velbert"},"content":{"rendered":"<p>          Fu\u00dfball-Oberliga aktuell        Liveblog: So ungl\u00fccklich verliert der Wuppertaler SV in Velbert<\/p>\n<p class=\"text-50 desktop:text-70 park-container-small px-6 mb-10 desktop:mb-14\">Velbert\/Wuppertal \u00b7 <strong data-cy=\"intro\" data-readtime-content=\"\">Im Auftaktspiel zur neuen Oberliga-Saison muss der WSV am Sonntag, nach einer ausgeglichenen Partie dem Mitabsteiger mit 0:1 beugen. Hier k\u00f6nnen sie nachverfolgen wie die Partie lief und erhalten im Anschluss Stimmen dazu.<\/strong><\/p>\n<p>                        <a class=\"absolute bottom-0 inset-x-0 z-10 group\/link before:float-left after:clear-both flex justify-end items-end print:hidden\" href=\"https:\/\/www.wz.de\/imgs\/39\/2\/7\/7\/4\/2\/7\/9\/6\/7\/tok_c69a40a97471f8ab25b204cfa2768ea0\/w1900_h1425_x1796_y1347_WSV_nach_Velbert-11e6bffcc14f3cc9.jpg\" title=\"Vergr\u00f6\u00dferte Ansicht\" aria-describedby=\"park-figure-\" data-enlargable=\"image\" rel=\"nofollow noopener\" target=\"_blank\"><\/p>\n<p>                            <\/a><\/p>\n<p>                <img class=\"inset-0 w-full h-full object-cover opacity-0 transition-opacity animated\" onload=\"this.style.opacity = '1';\" src=\"https:\/\/www.europesays.com\/de\/wp-content\/uploads\/2026\/08\/w2100_h1575_x1796_y1347_WSV_nach_Velbert-11e6bffcc14f3cc9.jpg\"   alt=\"Schulterschluss nach dem Spiel \u2013 anschlie\u00dfend auch mit den zahlreichen Fans, die die junge Mannschaft f\u00fcr einen sehr couragierten Auftritt feierten.\" width=\"3592\" height=\"2694\" fetchpriority=\"high\" decoding=\"async\" data-park-image-img=\"\"\/><\/p>\n<p class=\"block font-sans text-30 text-black-almost dark:text-white-almost desktop:text-40 desktop:[.floated_&amp;]:text-30 mt-3 desktop:[.floated_&amp;]:mt-3 desktop:mt-4\" data-readtime-content=\"\">\n        Schulterschluss nach dem Spiel \u2013 anschlie\u00dfend auch mit den zahlreichen Fans, die die junge Mannschaft f\u00fcr einen sehr couragierten Auftritt feierten.\n    <\/p>\n<p>    Foto: Marc Posthaus  <\/p>\n","protected":false},"excerpt":{"rendered":"Fu\u00dfball-Oberliga aktuell Liveblog: So ungl\u00fccklich verliert der Wuppertaler SV in Velbert Velbert\/Wuppertal \u00b7 Im Auftaktspiel zur neuen Oberliga-Saison&hellip;\n","protected":false},"author":2,"featured_media":1240807,"comment_status":"","ping_status":"","sticky":false,"template":"","format":"standard","meta":{"footnotes":"","_share_on_mastodon":"0"},"categories":[1840],"tags":[3364,29,30,1209,12006,4233,6227,4418],"class_list":["post-1240806","post","type-post","status-publish","format-standard","has-post-thumbnail","category-wuppertal","tag-de","tag-deutschland","tag-germany","tag-nordrhein-westfalen","tag-oberliga","tag-velbert","tag-wsv","tag-wuppertal"],"share_on_mastodon":{"url":"https:\/\/pubeurope.com\/@de\/117106227082898412","error":""},"_links":{"self":[{"href":"https:\/\/www.europesays.com\/de\/wp-json\/wp\/v2\/posts\/1240806","targetHints":{"allow":["GET"]}}],"collection":[{"href":"https:\/\/www.europesays.com\/de\/wp-json\/wp\/v2\/posts"}],"about":[{"href":"https:\/\/www.europesays.com\/de\/wp-json\/wp\/v2\/types\/post"}],"author":[{"embeddable":true,"href":"https:\/\/www.europesays.com\/de\/wp-json\/wp\/v2\/users\/2"}],"replies":[{"embeddable":true,"href":"https:\/\/www.europesays.com\/de\/wp-json\/wp\/v2\/comments?post=1240806"}],"version-history":[{"count":0,"href":"https:\/\/www.europesays.com\/de\/wp-json\/wp\/v2\/posts\/1240806\/revisions"}],"wp:featuredmedia":[{"embeddable":true,"href":"https:\/\/www.europesays.com\/de\/wp-json\/wp\/v2\/media\/1240807"}],"wp:attachment":[{"href":"https:\/\/www.europesays.com\/de\/wp-json\/wp\/v2\/media?parent=1240806"}],"wp:term":[{"taxonomy":"category","embeddable":true,"href":"https:\/\/www.europesays.com\/de\/wp-json\/wp\/v2\/categories?post=1240806"},{"taxonomy":"post_tag","embeddable":true,"href":"https:\/\/www.europesays.com\/de\/wp-json\/wp\/v2\/tags?post=1240806"}],"curies":[{"name":"wp","href":"https:\/\/api.w.org\/{rel}","templated":true}]}}