{"id":1240814,"date":"2026-08-16T16:55:19","date_gmt":"2026-08-16T16:55:19","guid":{"rendered":"https:\/\/www.europesays.com\/de\/1240814\/"},"modified":"2026-08-16T16:55:19","modified_gmt":"2026-08-16T16:55:19","slug":"feuer-nach-naechtlichen-angriffen-raketen-treffen-ukraine-kiewer-buechermarkt-brennt-nieder","status":"publish","type":"post","link":"https:\/\/www.europesays.com\/de\/1240814\/","title":{"rendered":"Feuer nach n\u00e4chtlichen Angriffen: Raketen treffen Ukraine &#8211; Kiewer B\u00fcchermarkt brennt nieder"},"content":{"rendered":"<p>Feuer nach n\u00e4chtlichen AngriffenRaketen treffen Ukraine &#8211; Kiewer B\u00fcchermarkt brennt nieder16.08.2026, 18:14 Uhr<\/p>\n<p class=\"Typography_text-m__XI0da Typography_weight-normal__pqUbH\">In der Nacht greift Russland mehrere Regionen in der Ukraine an, darunter auch die Heimatstadt von Selenskyj. In der Hauptstadt Kiew steigen auf einem B\u00fcchermarkt Rauchschwaden auf, verkohlte und durchn\u00e4sste B\u00fccher liegen zwischen zerst\u00f6rten St\u00e4nden. H\u00e4ndler berichten von hohen Verlusten.<\/p>\n","protected":false},"excerpt":{"rendered":"Feuer nach n\u00e4chtlichen AngriffenRaketen treffen Ukraine &#8211; Kiewer B\u00fcchermarkt brennt nieder16.08.2026, 18:14 Uhr In der Nacht greift Russland&hellip;\n","protected":false},"author":2,"featured_media":1240815,"comment_status":"","ping_status":"","sticky":false,"template":"","format":"standard","meta":{"footnotes":"","_share_on_mastodon":"0"},"categories":[4012],"tags":[331,332,661,13,929,24619,14,15,307,12,317,3081],"class_list":["post-1240814","post","type-post","status-publish","format-standard","has-post-thumbnail","category-ukraine","tag-aktuelle-nachrichten","tag-aktuelle-news","tag-angriff-auf-die-ukraine","tag-headlines","tag-kriege-und-konflikte","tag-luftangriffe","tag-nachrichten","tag-news","tag-russland","tag-schlagzeilen","tag-ukraine","tag-ukraine-konflikt"],"share_on_mastodon":{"url":"https:\/\/pubeurope.com\/@de\/117106240788154208","error":""},"_links":{"self":[{"href":"https:\/\/www.europesays.com\/de\/wp-json\/wp\/v2\/posts\/1240814","targetHints":{"allow":["GET"]}}],"collection":[{"href":"https:\/\/www.europesays.com\/de\/wp-json\/wp\/v2\/posts"}],"about":[{"href":"https:\/\/www.europesays.com\/de\/wp-json\/wp\/v2\/types\/post"}],"author":[{"embeddable":true,"href":"https:\/\/www.europesays.com\/de\/wp-json\/wp\/v2\/users\/2"}],"replies":[{"embeddable":true,"href":"https:\/\/www.europesays.com\/de\/wp-json\/wp\/v2\/comments?post=1240814"}],"version-history":[{"count":0,"href":"https:\/\/www.europesays.com\/de\/wp-json\/wp\/v2\/posts\/1240814\/revisions"}],"wp:featuredmedia":[{"embeddable":true,"href":"https:\/\/www.europesays.com\/de\/wp-json\/wp\/v2\/media\/1240815"}],"wp:attachment":[{"href":"https:\/\/www.europesays.com\/de\/wp-json\/wp\/v2\/media?parent=1240814"}],"wp:term":[{"taxonomy":"category","embeddable":true,"href":"https:\/\/www.europesays.com\/de\/wp-json\/wp\/v2\/categories?post=1240814"},{"taxonomy":"post_tag","embeddable":true,"href":"https:\/\/www.europesays.com\/de\/wp-json\/wp\/v2\/tags?post=1240814"}],"curies":[{"name":"wp","href":"https:\/\/api.w.org\/{rel}","templated":true}]}}