{"id":1240893,"date":"2026-08-16T17:46:15","date_gmt":"2026-08-16T17:46:15","guid":{"rendered":"https:\/\/www.europesays.com\/de\/1240893\/"},"modified":"2026-08-16T17:46:15","modified_gmt":"2026-08-16T17:46:15","slug":"hotelentwickler-meldet-insolvenz-an-berliner-zahnaerzte-versorgungswerk-investierte-rund-200-millionen-euro-in-12-18-gruppe","status":"publish","type":"post","link":"https:\/\/www.europesays.com\/de\/1240893\/","title":{"rendered":"Hotelentwickler meldet Insolvenz an: Berliner Zahn\u00e4rzte-Versorgungswerk investierte rund 200 Millionen Euro in 12.18.-Gruppe"},"content":{"rendered":"<p class=\"tspCHpd tspCHpe\">Irgendwann muss im Versorgungswerk der Zahn\u00e4rzte aus Berlin, Brandenburg und Bremen die Entscheidung gefallen sein, aus der berufsst\u00e4ndischen Rentenkasse einen gro\u00dfen Hotelinvestor zu machen. 2015 begann diese Reise mit einem Investment in das fast <a href=\"https:\/\/schlosshotel-fleesensee.com\/\" target=\"_blank\" rel=\"noopener nofollow\" class=\"link link--external\" data-gtm-class=\"article-text-link\" data-gtm-val=\"external\" aria-describedby=\"message-target-blank\">200 Jahre alte Schlosshotel Fleesensee<\/a> an der Mecklenburgischen Seenplatte. Es folgten Investitionen in Luxushotels auf Sylt, Ibiza, Teneriffa, Schottland und Sardinien. Das alles lief \u00fcber den Hotelentwickler 12.18., der direkt an der Prachtstra\u00dfe \u201eK\u00f6\u201c in D\u00fcsseldorf sitzt.<\/p>\n","protected":false},"excerpt":{"rendered":"Irgendwann muss im Versorgungswerk der Zahn\u00e4rzte aus Berlin, Brandenburg und Bremen die Entscheidung gefallen sein, aus der berufsst\u00e4ndischen&hellip;\n","protected":false},"author":2,"featured_media":1240894,"comment_status":"","ping_status":"","sticky":false,"template":"","format":"standard","meta":{"footnotes":"","_share_on_mastodon":"0"},"categories":[1825],"tags":[296,1890,29,30,50731,379,5383],"class_list":["post-1240893","post","type-post","status-publish","format-standard","has-post-thumbnail","category-berlin","tag-berlin","tag-brandenburg","tag-deutschland","tag-germany","tag-mecklenburgische-seenplatte","tag-rente","tag-schottland"],"share_on_mastodon":{"url":"https:\/\/pubeurope.com\/@de\/117106441520444294","error":""},"_links":{"self":[{"href":"https:\/\/www.europesays.com\/de\/wp-json\/wp\/v2\/posts\/1240893","targetHints":{"allow":["GET"]}}],"collection":[{"href":"https:\/\/www.europesays.com\/de\/wp-json\/wp\/v2\/posts"}],"about":[{"href":"https:\/\/www.europesays.com\/de\/wp-json\/wp\/v2\/types\/post"}],"author":[{"embeddable":true,"href":"https:\/\/www.europesays.com\/de\/wp-json\/wp\/v2\/users\/2"}],"replies":[{"embeddable":true,"href":"https:\/\/www.europesays.com\/de\/wp-json\/wp\/v2\/comments?post=1240893"}],"version-history":[{"count":0,"href":"https:\/\/www.europesays.com\/de\/wp-json\/wp\/v2\/posts\/1240893\/revisions"}],"wp:featuredmedia":[{"embeddable":true,"href":"https:\/\/www.europesays.com\/de\/wp-json\/wp\/v2\/media\/1240894"}],"wp:attachment":[{"href":"https:\/\/www.europesays.com\/de\/wp-json\/wp\/v2\/media?parent=1240893"}],"wp:term":[{"taxonomy":"category","embeddable":true,"href":"https:\/\/www.europesays.com\/de\/wp-json\/wp\/v2\/categories?post=1240893"},{"taxonomy":"post_tag","embeddable":true,"href":"https:\/\/www.europesays.com\/de\/wp-json\/wp\/v2\/tags?post=1240893"}],"curies":[{"name":"wp","href":"https:\/\/api.w.org\/{rel}","templated":true}]}}