{"id":1241071,"date":"2026-08-16T19:35:21","date_gmt":"2026-08-16T19:35:21","guid":{"rendered":"https:\/\/www.europesays.com\/de\/1241071\/"},"modified":"2026-08-16T19:35:21","modified_gmt":"2026-08-16T19:35:21","slug":"bsw-gruenderin-wagenknecht-ruft-hoecke-erneut-zu-gespraech-ueber-thueringer-regierung-auf","status":"publish","type":"post","link":"https:\/\/www.europesays.com\/de\/1241071\/","title":{"rendered":"BSW-Gr\u00fcnderin : Wagenknecht ruft H\u00f6cke erneut zu Gespr\u00e4ch \u00fcber Th\u00fcringer Regierung auf"},"content":{"rendered":"<p class=\"paragraph article__item\">BSW-Gr\u00fcnderin <a class=\"rtr-entity\" href=\"https:\/\/www.zeit.de\/thema\/sahra-wagenknecht\" rel=\"nofollow noopener\" target=\"_blank\">Sahra Wagenknecht<\/a> hat Th\u00fcringens <a href=\"https:\/\/www.zeit.de\/politik\/deutschland\/2026-08\/bjoern-hoecke-afd-bsw-thueringen-ministerpraesident-brief\" target=\"_blank\" rel=\"nofollow noopener\">AfD-Chef Bj\u00f6rn H\u00f6cke<\/a> erneut zu einem direkten \u00f6ffentlichen Streitgespr\u00e4ch \u00fcber einen \u00fcberparteilichen Ministerpr\u00e4sidenten in Th\u00fcringen aufgefordert. In einer Videobotschaft auf X sagte Wagenknecht, sie habe H\u00f6cke bereits vor Tagen ein<br \/>\n\u00bbsehr einfaches Angebot\u00ab gemacht: \u00bbSie und ich live, neutraler<br \/>\nModerator, keine vorbereiteten Reden.\u00ab\n<\/p>\n<p class=\"paragraph article__item\">\u00bbWir sollten reden \u00fcber meinen Vorschlag eines \u00fcberparteilichen Ministerpr\u00e4sidenten, den Sie ja inzwischen auch gut finden\u00ab, forderte die BSW-Gr\u00fcnderin H\u00f6cke auf. <a class=\"rtr-entity\" href=\"https:\/\/www.zeit.de\/thema\/thueringen\" rel=\"nofollow noopener\" target=\"_blank\">Th\u00fcringen<\/a> brauche \u00bbeinen neuen Regierungschef, der glaubw\u00fcrdig ist und den Brandmauer-Irrsinn beendet\u00ab. Um dies zu besprechen, solle der Th\u00fcringer AfD-Chef sich \u00bbein Herz\u00ab fassen. \u00bbGerade Sie, der Sie so viel Wert auf M\u00e4nnlichkeit legen, wollen doch sicher nicht als Feigling dastehen\u00ab, schloss Wagenknecht ihre Videobotschaft.\n<\/p>\n<p class=\"paragraph article__item\">Die <a href=\"https:\/\/www.zeit.de\/politik\/ausland\/2026-08\/mario-voigt-cdu-doktortitel-ruecktritt-bsw-thueringen-gxe\" target=\"_blank\" rel=\"nofollow noopener\">BSW-Bundesspitze hat zuletzt den R\u00fccktritt des th\u00fcringischen Ministerpr\u00e4sidenten Mario Voigt (CDU)<\/a> und ein Ende der dortigen Brombeer-Koalition zwischen CDU, SPD und <a class=\"rtr-entity\" href=\"https:\/\/www.zeit.de\/thema\/buendnis-sahra-wagenknecht\" rel=\"nofollow noopener\" target=\"_blank\">BSW<\/a> gefordert. Hintergrund ist <a href=\"https:\/\/www.zeit.de\/politik\/deutschland\/2026-08\/mario-voigt-doktortitel-aberkennung-tu-chemnitz-plagiat-gxe\" target=\"_blank\" rel=\"nofollow noopener\">Voigts Verlust des Doktortitels<\/a>. Bisher steht das BSW in Th\u00fcringen aber weiter zum Ministerpr\u00e4sidenten.\n<\/p>\n<p class=\"paragraph article__item\">Angesichts des BSW-internen Streits in Th\u00fcringen hatte H\u00f6cke am Donnerstag gesagt, <a href=\"https:\/\/www.zeit.de\/politik\/deutschland\/2026-08\/afd-sahra-wagenknecht-bjoern-hoecke-bsw-thueringen-gxe\" target=\"_blank\" rel=\"nofollow noopener\">Wagenknecht solle sich mithilfe der AfD zur Ministerpr\u00e4sidentin des Bundeslandes w\u00e4hlen lassen<\/a>. \u00bbMeine Fraktion und ich sind bereit, Ihnen daf\u00fcr den Weg freizumachen\u00ab, hatte H\u00f6cke in Erfurt gesagt. \u00bbLassen Sie uns politische Geschichte schreiben und die Brandmauer in Th\u00fcringen gemeinsam einrei\u00dfen. Nicht irgendwann nach der Wahl in Sachsen-Anhalt, sondern genau jetzt.\u00ab\n<\/p>\n<p>            Wagenknecht hatte H\u00f6ckes Vorschlag als unseri\u00f6s kritisiert            <\/p>\n<p class=\"paragraph article__item\">Seit der Landtagswahl 2024 regiert die CDU unter Voigt in der Dreierkoalition ohne absolute Mehrheit. Aus diesem Grund arbeitet sie im Landtag mit der Linken zusammen. Die vom Landesverfassungsschutz als gesichert rechtsextremistisch eingestufte <a class=\"rtr-entity\" href=\"https:\/\/www.zeit.de\/thema\/alternative-fuer-deutschland\" rel=\"nofollow noopener\" target=\"_blank\">AfD<\/a> um H\u00f6cke ist st\u00e4rkste Fraktion.\n<\/p>\n<p class=\"paragraph article__item\">Zwischen dem th\u00fcringischen Landes-BSW auf der einen und Wagenknecht sowie dem Bundes-BSW auf der anderen Seite gibt es Spannungen. Grund ist, dass der Landesverband gegen den Willen<br \/>\nder Bundesspitze in Voigts Koalition eingetreten war. Mit Blick auf<br \/>\ndiese Umst\u00e4nde hatte <a href=\"https:\/\/www.zeit.de\/politik\/deutschland\/2026-08\/sahra-wagenknecht-bjoern-hoecke-afd-bsw-thueringen-gxe\" target=\"_blank\" rel=\"nofollow noopener\">Wagenknecht H\u00f6ckes Angebot am Donnerstag als \u00bbweder ehrlich noch seri\u00f6s\u00ab kritisiert<\/a>.\n<\/p>\n<p>Th\u00fcringen <\/p>\n<p>            BSW        <\/p>\n<p>                <a href=\"https:\/\/www.zeit.de\/politik\/2026-08\/afd-bsw-sahra-wagenknecht-bjoern-hoecke-kooperation-nachrichtenpodcast\" data-ct-label=\"Nachrichtenpodcast: Kuschelkurs zwischen BSW und AfD?\" data-uuid=\"e73adefd-ba54-4f10-963a-b31b82490fa0\" rel=\"nofollow noopener\" target=\"_blank\"><\/p>\n<p>                        Nachrichtenpodcast:<br \/>\n                        Kuschelkurs zwischen BSW und AfD?<\/p>\n<p>                <\/a><\/p>\n","protected":false},"excerpt":{"rendered":"BSW-Gr\u00fcnderin Sahra Wagenknecht hat Th\u00fcringens AfD-Chef Bj\u00f6rn H\u00f6cke erneut zu einem direkten \u00f6ffentlichen Streitgespr\u00e4ch \u00fcber einen \u00fcberparteilichen Ministerpr\u00e4sidenten&hellip;\n","protected":false},"author":2,"featured_media":1241072,"comment_status":"","ping_status":"","sticky":false,"template":"","format":"standard","meta":{"footnotes":"","_share_on_mastodon":"0"},"categories":[2],"tags":[150,5159,29277,257291,13871,29,30,13,14,15,16,9683,12,861,10,8,9,11,4397],"class_list":["post-1241071","post","type-post","status-publish","format-standard","has-post-thumbnail","category-deutschland","tag-alternative-fuer-deutschland","tag-bjoern-hoecke","tag-brandmauer","tag-bsw-gruenderin","tag-buendnis-sahra-wagenknecht","tag-deutschland","tag-germany","tag-headlines","tag-nachrichten","tag-news","tag-politik","tag-sahra-wagenknecht","tag-schlagzeilen","tag-thueringen","tag-top-news","tag-top-meldungen","tag-topmeldungen","tag-topnews","tag-x"],"share_on_mastodon":{"url":"https:\/\/pubeurope.com\/@de\/117106869822750301","error":""},"_links":{"self":[{"href":"https:\/\/www.europesays.com\/de\/wp-json\/wp\/v2\/posts\/1241071","targetHints":{"allow":["GET"]}}],"collection":[{"href":"https:\/\/www.europesays.com\/de\/wp-json\/wp\/v2\/posts"}],"about":[{"href":"https:\/\/www.europesays.com\/de\/wp-json\/wp\/v2\/types\/post"}],"author":[{"embeddable":true,"href":"https:\/\/www.europesays.com\/de\/wp-json\/wp\/v2\/users\/2"}],"replies":[{"embeddable":true,"href":"https:\/\/www.europesays.com\/de\/wp-json\/wp\/v2\/comments?post=1241071"}],"version-history":[{"count":0,"href":"https:\/\/www.europesays.com\/de\/wp-json\/wp\/v2\/posts\/1241071\/revisions"}],"wp:featuredmedia":[{"embeddable":true,"href":"https:\/\/www.europesays.com\/de\/wp-json\/wp\/v2\/media\/1241072"}],"wp:attachment":[{"href":"https:\/\/www.europesays.com\/de\/wp-json\/wp\/v2\/media?parent=1241071"}],"wp:term":[{"taxonomy":"category","embeddable":true,"href":"https:\/\/www.europesays.com\/de\/wp-json\/wp\/v2\/categories?post=1241071"},{"taxonomy":"post_tag","embeddable":true,"href":"https:\/\/www.europesays.com\/de\/wp-json\/wp\/v2\/tags?post=1241071"}],"curies":[{"name":"wp","href":"https:\/\/api.w.org\/{rel}","templated":true}]}}