{"id":1241143,"date":"2026-08-16T20:28:18","date_gmt":"2026-08-16T20:28:18","guid":{"rendered":"https:\/\/www.europesays.com\/de\/1241143\/"},"modified":"2026-08-16T20:28:18","modified_gmt":"2026-08-16T20:28:18","slug":"torspektakel-in-hamburg-und-rueckschlag-fuer-hannover-96","status":"publish","type":"post","link":"https:\/\/www.europesays.com\/de\/1241143\/","title":{"rendered":"Torspektakel in Hamburg und R\u00fcckschlag f\u00fcr Hannover 96"},"content":{"rendered":"<p>Regionalliga Nord: Die \u00dcbersicht aller Partien des 4. Spieltags<\/p>\n<p>von red \u00b7 Heute, 17:25 Uhr \u00b7 0 Leser<\/p>\n<p><img fetchpriority=\"high\" decoding=\"async\" loading=\"eager\" src=\"https:\/\/www.europesays.com\/de\/wp-content\/uploads\/2026\/08\/1786912098_927_960x640.jpeg\" alt=\"\" title=\"\" width=\"960\" height=\"640\" class=\"sc-wadapo-3 klmthQ\"\/> \u2013 Foto: IMAGO<\/p>\n<p>Mit dem heutigen Abschluss des 4. Spieltags der Regionalliga Nord erlebten die Fans emotionale H\u00f6hepunkte, \u00fcberraschende Ausw\u00e4rtserfolge und packende Schlussphasen auf den Pl\u00e4tzen. <\/p>\n<p>Vor der Kulisse von 821 Zuschauern setzten sich die Gastgeber in einer torreichen Begegnung durch. Rasmus Tobinski er\u00f6ffnete den Torreigen in der 8. Minute mit der 1:0-F\u00fchrung f\u00fcr Flensburg, ehe Erolind Krasniqi in der 56. Minute auf 2:0 erh\u00f6hte. Die G\u00e4ste verk\u00fcrzten in der 65. Minute durch einen von Kamer Krasniqi verwandelten Handelfmeter auf 2:1. Rasmus Tobinski stellte jedoch nur wenig sp\u00e4ter in der 68. Minute mit seinem zweiten Treffer den alten Abstand zum 3:1 wieder her. Ibrahim Ali schraubte das Ergebnis in der 71. Minute auf 4:1 hoch, ehe Erolind Krasniqi in der 86. Minute mit dem 5:1 nachlegte. Den Schlusspunkt der Partie setzte Ole B\u00f6ttcher, der in der 90. Minute den Treffer zum 5:2-Endstand f\u00fcr die G\u00e4ste markierte. <\/p>\n<p>&#8212;<\/p>\n<p>In einer dramatischen und mitrei\u00dfenden Partie vor 1660 Zuschauern feierten die G\u00e4ste einen hart umk\u00e4mpften Ausw\u00e4rtssieg. Bogdan Shubin erwischte einen Traumstart und brachte die Hausherren bereits in der 1. Minute mit 1:0 in F\u00fchrung. Karim Ay erzielte in der 18. Minute den 1:1-Ausgleich f\u00fcr die Hamburger, ehe Theo Schr\u00f6der in der 28. Minute das 2:1 f\u00fcr Emden markierte. Ein herber D\u00e4mpfer f\u00fcr die Gastgeber folgte in der 38. Minute, als Jannes Warnken die Rote Karte sah und den Platz verlassen musste. In Unterzahl geriet Emden im zweiten Durchgang unter Druck: Karim Ay sorgte in der 54. Minute mit seinem zweiten Treffer f\u00fcr das 2:2, ehe Toralf Hense in der 90. Minute den viel umjubelten Treffer zum 2:3-Endstand f\u00fcr den Aufsteiger erzielte.<\/p>\n<p>&#8212;<\/p>\n<p>Vor einer stimmungsvollen Kulisse von 2859 Zuschauern untermauerten die Gastgeber ihre Ambitionen. Leon Demaj brachte Oldenburg in der 14. Minute mit 1:0 in Front, ehe Luca Joel Palzer in der 41. Minute den 1:1-Ausgleich f\u00fcr Norderstedt erzielte. Nach dem Seitenwechsel drehten die Hausherren auf: Mats Facklam sorgte in der 50. Minute f\u00fcr das 2:1, und Marc Schr\u00f6der baute die F\u00fchrung in der 58. Minute auf 3:1 aus. Den Schlusspunkt setzte erneut Mats Facklam, der in der 78. Minute einen Foulelfmeter zum 4:1-Endstand verwandelte. <\/p>\n<p>&#8212;<\/p>\n<p>Im mit Spannung erwarteten Stadtduell vor 3148 Zuschauern setzten sich die Gastgeber eindrucksvoll und ohne Gegentreffer durch. Kilian Skolik markierte in der 23. Minute das 1:0 f\u00fcr Ph\u00f6nix. Im zweiten Spielabschnitt baute Jonathan St\u00f6ver den Vorsprung in der 75. Minute auf 2:0 aus. In der Schlussphase machten die Hausherren alles klar: Julian Markvoort traf in der 89. Minute zum 3:0, ehe Fabio Maiolo in der zweiten Minute der Nachspielzeit (90.+2) den Treffer zum 4:0-Endstand beisteuerte. <\/p>\n<p>&#8212;<\/p>\n<p>Vor 285 Zuschauern feierten die G\u00e4ste einen deutlichen Ausw\u00e4rtserfolg. Den Reigen der Tore er\u00f6ffnete Allah Aid Hamid in der 20. Minute mit dem 0:1, ehe Sean Busch in der 34. Minute auf 0:2 erh\u00f6hte. Erneut Allah Aid Hamid baute die F\u00fchrung in der 42. Minute auf 0:3 aus, bevor Sean Busch noch vor der Pause in der 44. Minute das 0:4 markierte. Im zweiten Durchgang gelang Radin Amadou in der 62. Minute der Treffer zum 1:4-Endstand f\u00fcr die Hausherren. <\/p>\n<p>&#8212;<\/p>\n<p>Vor 302 Zuschauern setzten sich die Gastgeber in einer umk\u00e4mpften Partie durch und sicherten sich ihren ersten Saisonsieg. Den F\u00fchrungstreffer zum 1:0 erzielte Jack Lars Wardius in der 35. Minute, ehe Nikky Goguadze in der 37. Minute auf 2:0 erh\u00f6hte. Den Anschlusstreffer f\u00fcr die G\u00e4ste zum 2:1-Endstand markierte Cimo R\u00f6cker. <\/p>\n<p>&#8212;<\/p>\n<p>Vor der Kulisse von 276 Zuschauern feierten die G\u00e4ste einen \u00fcberraschenden Ausw\u00e4rtserfolg und f\u00fcgten den Hausherren die erste Saisonniederlage zu. Den goldenen Treffer des Tages zum 0:1-Endstand erzielte Tobias Fagerstr\u00f6m in der 29. Minute. <\/p>\n<p>&#8212;<\/p>\n<p>In einer bis zur letzten Sekunde hochdramatischen Begegnung sicherten sich die G\u00e4ste in letzter Minute den Ausw\u00e4rtssieg. Den entscheidenden Treffer zum 0:1-Endstand erzielte Denis Vukancic erst in der 90. Minute. Nach diesem Z\u00e4hler reiht sich der HSC Hannover auf dem sechsten Tabellenplatz ein, w\u00e4hrend der Bremer SV nach der knappen Niederlage den elften Platz einnimmt.<\/p>\n<p>&#8212;<\/p>\n<p>Mit einer abgekl\u00e4rten Leistung feierten die Hausherren einen Heimerfolg. Nach einer torlosen ersten Halbzeit brachte Hannes Joppich die Gastgeber in der 54. Minute mit 1:0 in F\u00fchrung. Jordi Njoya erh\u00f6hte in der 65. Minute auf den 2:0-Endstand. In der Schlussphase schw\u00e4chten sich die G\u00e4ste, als Christian Rave vom Aufsteiger SV Todesfelde in der 82. Minute die Rote Karte sah. <\/p>\n<p>__________________________________________________________________________________________________<\/p>\n<p>Die Mission von FuPa.net: Wir sind das Mitmachportal VON Amateurfu\u00dfballern F\u00dcR Amateurfu\u00dfballer.<\/p>\n<p>Jetzt anmelden &amp; Vereinsverwalter werden: <a href=\"https:\/\/www.fupa.net\/auth\/login\" rel=\"nofollow noopener\" target=\"_blank\">https:\/\/www.fupa.net\/auth\/login<\/a><\/p>\n<p>_________________________________________________________________________________________________<\/p>\n","protected":false},"excerpt":{"rendered":"Regionalliga Nord: Die \u00dcbersicht aller Partien des 4. Spieltags von red \u00b7 Heute, 17:25 Uhr \u00b7 0 Leser&hellip;\n","protected":false},"author":2,"featured_media":1241144,"comment_status":"","ping_status":"","sticky":false,"template":"","format":"standard","meta":{"footnotes":"","_share_on_mastodon":"0"},"categories":[1836],"tags":[70174,54763,86853,3364,29,165896,86854,459,99219,30,3150,46,2366,40761,1411,15384,15383,86852,97777,86855,109401,2365,40325,86851],"class_list":["post-1241143","post","type-post","status-publish","format-standard","has-post-thumbnail","category-hannover","tag-1-fc-phoenix-luebeck","tag-bremer-sv","tag-bsv-kickers-emden","tag-de","tag-deutschland","tag-eimsbuetteler-tv","tag-fc-eintracht-norderstedt","tag-fc-st-pauli","tag-fsv-schoeningen","tag-germany","tag-hamburger-sv","tag-hannover","tag-hannover-96","tag-hsc-hannover","tag-niedersachsen","tag-regionalliga-nord","tag-sc-weiche-flensburg-08","tag-ssv-jeddeloh","tag-sv-atlas-delmenhorst","tag-sv-drochtersen-assel","tag-sv-todesfelde","tag-sv-werder-bremen","tag-vfb-luebeck","tag-vfb-oldenburg"],"share_on_mastodon":{"url":"https:\/\/pubeurope.com\/@de\/117107080018447274","error":""},"_links":{"self":[{"href":"https:\/\/www.europesays.com\/de\/wp-json\/wp\/v2\/posts\/1241143","targetHints":{"allow":["GET"]}}],"collection":[{"href":"https:\/\/www.europesays.com\/de\/wp-json\/wp\/v2\/posts"}],"about":[{"href":"https:\/\/www.europesays.com\/de\/wp-json\/wp\/v2\/types\/post"}],"author":[{"embeddable":true,"href":"https:\/\/www.europesays.com\/de\/wp-json\/wp\/v2\/users\/2"}],"replies":[{"embeddable":true,"href":"https:\/\/www.europesays.com\/de\/wp-json\/wp\/v2\/comments?post=1241143"}],"version-history":[{"count":0,"href":"https:\/\/www.europesays.com\/de\/wp-json\/wp\/v2\/posts\/1241143\/revisions"}],"wp:featuredmedia":[{"embeddable":true,"href":"https:\/\/www.europesays.com\/de\/wp-json\/wp\/v2\/media\/1241144"}],"wp:attachment":[{"href":"https:\/\/www.europesays.com\/de\/wp-json\/wp\/v2\/media?parent=1241143"}],"wp:term":[{"taxonomy":"category","embeddable":true,"href":"https:\/\/www.europesays.com\/de\/wp-json\/wp\/v2\/categories?post=1241143"},{"taxonomy":"post_tag","embeddable":true,"href":"https:\/\/www.europesays.com\/de\/wp-json\/wp\/v2\/tags?post=1241143"}],"curies":[{"name":"wp","href":"https:\/\/api.w.org\/{rel}","templated":true}]}}