{"id":1241154,"date":"2026-08-16T20:35:28","date_gmt":"2026-08-16T20:35:28","guid":{"rendered":"https:\/\/www.europesays.com\/de\/1241154\/"},"modified":"2026-08-16T20:35:28","modified_gmt":"2026-08-16T20:35:28","slug":"essen-suedostviertel-mann-soll-kind-in-metzgerei-belaestigt-haben","status":"publish","type":"post","link":"https:\/\/www.europesays.com\/de\/1241154\/","title":{"rendered":"Essen S\u00fcdostviertel: Mann soll Kind in Metzgerei bel\u00e4stigt haben"},"content":{"rendered":"<p>Polizei fahndet mit Fotos <\/p>\n<p>Mann soll Neunj\u00e4hrigen in Metzgerei bel\u00e4stigt haben<\/p>\n<p>Aktualisiert am 15.08.2026 &#8211; 15:08 UhrLesedauer: 1 Min.<\/p>\n<p><a href=\"#focus-0\" class=\"transition-colors block text-current relative\" data-sctrack=\"FocusGalleryImage.Reference\"><img fetchpriority=\"high\" data-testid=\"Opener.Image\"   loading=\"eager\" src=\"https:\/\/www.europesays.com\/de\/wp-content\/uploads\/2026\/08\/eine-fleischertheke-bei-einem-metzger-die-metzgerei-dick-in-koeln-muss-nach-35-jahren-schliessen.jpg\" alt=\"imago images 0472324129\" title=\"imago images 0472324129\" width=\"4000\" height=\"2250\" class=\"bg-[url:var(--lqipURL)] bg-cover bg-center flex h-full w-full max-w-full\" style=\"--lqipURL:url('https:\/\/images.t-online.de\/2024\/12\/wV5KNxWZ117y\/0x209:4000x2250\/fit-in\/150x0\/filters:blur(25)\/eine-fleischertheke-bei-einem-metzger-die-metzgerei-dick-in-koeln-muss-nach-35-jahren-schliessen.jpg')\" decoding=\"async\"\/><img loading=\"lazy\" src=\"https:\/\/essen.t-online.de\/s\/paper\/_next\/static\/media\/zoom-in.f7dae02f.svg\" alt=\"Vergr\u00f6\u00dfern des Bildes\" title=\"Vergr\u00f6\u00dfern des Bildes\" class=\"block h-[calc(var(--height)_\/_16_*_1rem)] w-[calc(var(--width)_\/_16_*_1rem)] max-w-none absolute right-8 bottom-8 rounded-4 bg-snow p-8\" style=\"--width:32;--height:32\" decoding=\"async\"\/><\/a><\/p>\n<p>Eine Fleischertheke bei einem Metzger (Symbolbild): Der Vorfall ereignete sich bereits im M\u00e4rz. (Quelle: IMAGO\/onemorepicture \/ Thorsten Wagner)<\/p>\n<p><img loading=\"lazy\" src=\"https:\/\/essen.t-online.de\/s\/paper\/_next\/static\/media\/audio-volume.6689034c.svg\" alt=\"\" title=\"\" class=\"block h-[calc(var(--height)_\/_16_*_1rem)] w-[calc(var(--width)_\/_16_*_1rem)] max-w-none group-hover:brightness-0 group-hover:invert\" style=\"--width:16;--height:16\" decoding=\"async\"\/>Vorlesen<\/p>\n<p>Aktuelle Zeit:0:00Gesamtdauer:0:00<\/p>\n<p>1x<\/p>\n<p class=\"text-center\">Jetzt neu bei t-online:<\/p>\n<p class=\"text-center\">Schriftgr\u00f6\u00dfe anpassen!<\/p>\n<p><img loading=\"lazy\" src=\"https:\/\/essen.t-online.de\/s\/paper\/_next\/static\/media\/font-sizes.32942e33.svg\" alt=\"\" title=\"\" class=\"block h-[calc(var(--height)_\/_16_*_1rem)] w-[calc(var(--width)_\/_16_*_1rem)] max-w-none group-hover:hidden group-aria-expanded:hidden\" style=\"--width:16;--height:16\" decoding=\"async\"\/><img loading=\"lazy\" src=\"https:\/\/essen.t-online.de\/s\/paper\/_next\/static\/media\/font-sizes-dark-mode.e382645c.svg\" alt=\"\" title=\"\" class=\"block h-[calc(var(--height)_\/_16_*_1rem)] w-[calc(var(--width)_\/_16_*_1rem)] max-w-none hidden group-hover:block group-aria-expanded:block\" style=\"--width:16;--height:16\" decoding=\"async\"\/><img loading=\"lazy\" src=\"https:\/\/essen.t-online.de\/s\/paper\/_next\/static\/media\/sharing-menu-icon.1eb71368.svg\" alt=\"\" title=\"\" class=\"block h-[calc(var(--height)_\/_16_*_1rem)] w-[calc(var(--width)_\/_16_*_1rem)] max-w-none group-hover:brightness-0 group-hover:invert\" style=\"--width:16;--height:16\" decoding=\"async\"\/>Artikel teilen<\/p>\n<p class=\"font-bold text-18 leading-17 user-text-lg:text-22 user-text-xl:text-24\">Die Polizei sucht mit \u00dcberwachungsbildern nach einem Tatverd\u00e4chtigen. Ein Mann soll sich an einem Kind vergangen haben.<\/p>\n<p class=\"text-18 leading-17 user-text-lg:text-22 user-text-xl:text-24\">In Essen hat die Polizei eine Fotofahndung nach einem mutma\u00dflichen Sexualstraft\u00e4ter eingeleitet. Der Mann soll am 7. M\u00e4rz einen neunj\u00e4hrigen Jungen in einer Metzgerei in der Steeler Stra\u00dfe im S\u00fcdostviertel sexuell bel\u00e4stigt haben.<\/p>\n<p class=\"text-18 leading-17 user-text-lg:text-22 user-text-xl:text-24\">Nach Angaben der Polizei betrat der Junge an jenem Samstag gegen 16.50 Uhr das Gesch\u00e4ft. Er wollte Fleisch einkaufen. Kurz darauf sei der Unbekannte ebenfalls in die Metzgerei gekommen. Beide h\u00e4tten sich fl\u00fcchtig gekannt und kurz gegr\u00fc\u00dft.<\/p>\n<p class=\"text-18 leading-17 user-text-lg:text-22 user-text-xl:text-24\">Der Mann soll das Kind zu sich gezogen und umarmt haben. Er soll versucht haben, den Jungen auf die Wangen zu k\u00fcssen. Zudem soll er das Kind im Intimbereich und am Ges\u00e4\u00df angefasst haben. Anschlie\u00dfend habe er die Metzgerei verlassen.<\/p>\n<p>So beschreibt die Polizei den Gesuchten<\/p>\n<p class=\"text-18 leading-17 user-text-lg:text-22 user-text-xl:text-24\">Nach Angaben der Polizei soll der gesuchte Mann etwa 50 bis 60 Jahre alt, zwischen 1,70 und 1,80 Meter gro\u00df und schlank sein. Die Ermittler beschreiben sein Erscheinungsbild als eher ungepflegt. Zudem soll er ein hageres Gesicht und eine auff\u00e4llig gro\u00dfe Nase haben. Zur Tatzeit habe er eine schwarze Kapuzenjacke mit beigem Innenfutter, eine graue Hose, wei\u00dfe Sneakers und eine schwarze Kappe getragen.<\/p>\n<p class=\"text-18 leading-17 user-text-lg:text-22 user-text-xl:text-24\">Der Tatverd\u00e4chtige konnte laut einer Polizeimeldung am Samstag durch einen Zeugenhinweis identifiziert werden. &#8222;Es handelt sich bei ihm um einen 63-j\u00e4hrigen Essener mit syrischer Staatsangeh\u00f6rigkeit&#8220;, so die Polizei. Zeugen werden gebeten, sich unter 0201\/829-0 oder per E-Mail an hinweise.essen@polizei.nrw.de zu melden.<\/p>\n","protected":false},"excerpt":{"rendered":"Polizei fahndet mit Fotos Mann soll Neunj\u00e4hrigen in Metzgerei bel\u00e4stigt haben Aktualisiert am 15.08.2026 &#8211; 15:08 UhrLesedauer: 1&hellip;\n","protected":false},"author":2,"featured_media":1241155,"comment_status":"","ping_status":"","sticky":false,"template":"","format":"standard","meta":{"footnotes":"","_share_on_mastodon":"0"},"categories":[1834],"tags":[722,17161,3364,29,3688,257305,7550,30,1460,8660,1209,121,74738],"class_list":["post-1241154","post","type-post","status-publish","format-standard","has-post-thumbnail","category-essen","tag-722","tag-17161","tag-de","tag-deutschland","tag-essen","tag-fleischertheke","tag-fotofahndung","tag-germany","tag-kind","tag-metzgerei","tag-nordrhein-westfalen","tag-polizei","tag-ueberwachungsbild"],"share_on_mastodon":{"url":"","error":""},"_links":{"self":[{"href":"https:\/\/www.europesays.com\/de\/wp-json\/wp\/v2\/posts\/1241154","targetHints":{"allow":["GET"]}}],"collection":[{"href":"https:\/\/www.europesays.com\/de\/wp-json\/wp\/v2\/posts"}],"about":[{"href":"https:\/\/www.europesays.com\/de\/wp-json\/wp\/v2\/types\/post"}],"author":[{"embeddable":true,"href":"https:\/\/www.europesays.com\/de\/wp-json\/wp\/v2\/users\/2"}],"replies":[{"embeddable":true,"href":"https:\/\/www.europesays.com\/de\/wp-json\/wp\/v2\/comments?post=1241154"}],"version-history":[{"count":0,"href":"https:\/\/www.europesays.com\/de\/wp-json\/wp\/v2\/posts\/1241154\/revisions"}],"wp:featuredmedia":[{"embeddable":true,"href":"https:\/\/www.europesays.com\/de\/wp-json\/wp\/v2\/media\/1241155"}],"wp:attachment":[{"href":"https:\/\/www.europesays.com\/de\/wp-json\/wp\/v2\/media?parent=1241154"}],"wp:term":[{"taxonomy":"category","embeddable":true,"href":"https:\/\/www.europesays.com\/de\/wp-json\/wp\/v2\/categories?post=1241154"},{"taxonomy":"post_tag","embeddable":true,"href":"https:\/\/www.europesays.com\/de\/wp-json\/wp\/v2\/tags?post=1241154"}],"curies":[{"name":"wp","href":"https:\/\/api.w.org\/{rel}","templated":true}]}}