{"id":1241228,"date":"2026-08-16T21:21:23","date_gmt":"2026-08-16T21:21:23","guid":{"rendered":"https:\/\/www.europesays.com\/de\/1241228\/"},"modified":"2026-08-16T21:21:23","modified_gmt":"2026-08-16T21:21:23","slug":"wetter-braunschweig-regenschauer-und-gewitter-fuer-neue-woche-angekuendigt","status":"publish","type":"post","link":"https:\/\/www.europesays.com\/de\/1241228\/","title":{"rendered":"Wetter Braunschweig: Regenschauer und Gewitter f\u00fcr neue Woche angek\u00fcndigt"},"content":{"rendered":"<p>DWD-Prognose <\/p>\n<p>Wetterumschwung: Regenschauer und Gewitter angek\u00fcndigt<\/p>\n<p>16.08.2026 &#8211; 19:32 UhrLesedauer: 1 Min.<\/p>\n<p><a href=\"#focus-0\" class=\"transition-colors block text-current relative\" data-sctrack=\"FocusGalleryImage.Reference\"><img fetchpriority=\"high\" data-testid=\"Opener.Image\"   loading=\"eager\" src=\"https:\/\/www.europesays.com\/de\/wp-content\/uploads\/2026\/08\/wetter-die-letzten-sonnenstrahlen-bahnen-sich-am-20-juli-2026-ihren-weg-durch-dunkle-gewitter-und-re.jpeg\" alt=\"imago images 0862214429\" title=\"imago images 0862214429\" width=\"6000\" height=\"3375\" class=\"bg-[url:var(--lqipURL)] bg-cover bg-center flex h-full w-full max-w-full\" style=\"--lqipURL:url('https:\/\/images.t-online.de\/2026\/08\/65Gb7h2eyxmt\/0x313:6000x3375\/fit-in\/150x0\/filters:blur(25)\/wetter-die-letzten-sonnenstrahlen-bahnen-sich-am-20-juli-2026-ihren-weg-durch-dunkle-gewitter-und-regenwolken-am-himmel-ueber-berlin-treptow-berlin-berlin-deutschland-jk17791-weather-on-july-20-2026-the-last-rays-of-sunlight-make-their-way-through-dark-thunderstorms-and-rain-clouds-in-the-sky-above-berlin-treptow-berlin-germany-jk17791.jpg')\" decoding=\"async\"\/><img loading=\"lazy\" src=\"https:\/\/braunschweig.t-online.de\/s\/paper\/_next\/static\/media\/zoom-in.f7dae02f.svg\" alt=\"Vergr\u00f6\u00dfern des Bildes\" title=\"Vergr\u00f6\u00dfern des Bildes\" class=\"block h-[calc(var(--height)_\/_16_*_1rem)] w-[calc(var(--width)_\/_16_*_1rem)] max-w-none absolute right-8 bottom-8 rounded-4 bg-snow p-8\" style=\"--width:32;--height:32\" decoding=\"async\"\/><\/a><\/p>\n<p>Sonnenstrahlen und dunkle Gewitter- und Regenwolken (Symbolbild): Es wird k\u00fchler in Braunschweig. (Quelle: IMAGO\/J\u00f6rg&amp;Nicole Krauth\u00f6fer\/imago)<\/p>\n<p><img loading=\"lazy\" src=\"https:\/\/braunschweig.t-online.de\/s\/paper\/_next\/static\/media\/audio-volume.6689034c.svg\" alt=\"\" title=\"\" class=\"block h-[calc(var(--height)_\/_16_*_1rem)] w-[calc(var(--width)_\/_16_*_1rem)] max-w-none group-hover:brightness-0 group-hover:invert\" style=\"--width:16;--height:16\" decoding=\"async\"\/>Vorlesen<\/p>\n<p>Aktuelle Zeit:0:00Gesamtdauer:0:00<\/p>\n<p>1x<\/p>\n<p class=\"text-center\">Jetzt neu bei t-online:<\/p>\n<p class=\"text-center\">Schriftgr\u00f6\u00dfe anpassen!<\/p>\n<p><img loading=\"lazy\" src=\"https:\/\/braunschweig.t-online.de\/s\/paper\/_next\/static\/media\/font-sizes.32942e33.svg\" alt=\"\" title=\"\" class=\"block h-[calc(var(--height)_\/_16_*_1rem)] w-[calc(var(--width)_\/_16_*_1rem)] max-w-none group-hover:hidden group-aria-expanded:hidden\" style=\"--width:16;--height:16\" decoding=\"async\"\/><img loading=\"lazy\" src=\"https:\/\/braunschweig.t-online.de\/s\/paper\/_next\/static\/media\/font-sizes-dark-mode.e382645c.svg\" alt=\"\" title=\"\" class=\"block h-[calc(var(--height)_\/_16_*_1rem)] w-[calc(var(--width)_\/_16_*_1rem)] max-w-none hidden group-hover:block group-aria-expanded:block\" style=\"--width:16;--height:16\" decoding=\"async\"\/><img loading=\"lazy\" src=\"https:\/\/braunschweig.t-online.de\/s\/paper\/_next\/static\/media\/sharing-menu-icon.1eb71368.svg\" alt=\"\" title=\"\" class=\"block h-[calc(var(--height)_\/_16_*_1rem)] w-[calc(var(--width)_\/_16_*_1rem)] max-w-none group-hover:brightness-0 group-hover:invert\" style=\"--width:16;--height:16\" decoding=\"async\"\/>Artikel teilen<\/p>\n<p class=\"font-bold text-18 leading-17 user-text-lg:text-22 user-text-xl:text-24\">Nach hei\u00dfen Tagen ist es am Sonntag bereits k\u00fchler in der Region Braunschweig. Zum Wochenstart k\u00fcndigt der Deutsche Wetterdienst Schauer und Gewitter an.<\/p>\n<p class=\"text-18 leading-17 user-text-lg:text-22 user-text-xl:text-24\">Nach dem Hochsommer der vergangenen Tage mit Temperaturen von \u00fcber 30 Grad k\u00fchlt es sich schon am Sonntag ab: Der Deutsche Wetterdienst (DWD) erwartet im \u00e4u\u00dfersten S\u00fcdosten Niedersachsens H\u00f6chstwerte zwischen 22 und 27 Grad.<\/p>\n<ul class=\"text-18 leading-17 block pl-24 *:pb-16 *:before:inline-block *:before:size-8 *:before:bg-magenta *:before:mt-0 *:before:mr-12 *:before:mb-2 *:before:-ml-[20px]\">\n<li><strong class=\"font-bold\">Dank des W\u00fcnschewagens:<\/strong> <a href=\"https:\/\/braunschweig.t-online.de\/region\/braunschweig\/id_101391160\/wuenschewagen-bei-braunschweig-im-einsatz-monika-erlebt-einschulung.html\" class=\"transition-colors cursor-pointer no-underline md:hover:text-magenta md:focus:text-magenta border-b border-solid border-current text-salemsfur md:hover:border-magenta\" data-tracking=\"{&quot;action&quot;:&quot;click&quot;,&quot;category&quot;:&quot;intextLink&quot;,&quot;label&quot;:&quot;\/region\/braunschweig\/id_101391160\/wuenschewagen-bei-braunschweig-im-einsatz-monika-erlebt-einschulung.html&quot;}\" data-sctrack=\"BodyAnchor\" rel=\"nofollow noopener\" target=\"_blank\">Krebskranke Oma ist bei Einschulung ihrer Enkelin dabei<\/a><\/li>\n<li><strong class=\"font-bold\">&#8222;Tausend Dank&#8220;:<\/strong> <a href=\"https:\/\/braunschweig.t-online.de\/region\/braunschweig\/id_101390616\/braunschweig-conceptstore-in-der-innenstadt-schliesst.html\" class=\"transition-colors cursor-pointer no-underline md:hover:text-magenta md:focus:text-magenta border-b border-solid border-current text-salemsfur md:hover:border-magenta\" data-tracking=\"{&quot;action&quot;:&quot;click&quot;,&quot;category&quot;:&quot;intextLink&quot;,&quot;label&quot;:&quot;\/region\/braunschweig\/id_101390616\/braunschweig-conceptstore-in-der-innenstadt-schliesst.html&quot;}\" data-sctrack=\"BodyAnchor\" rel=\"nofollow noopener\" target=\"_blank\">Dieser Conceptstore in der Innenstadt schlie\u00dft<\/a><\/li>\n<\/ul>\n<p class=\"text-18 leading-17 user-text-lg:text-22 user-text-xl:text-24\">Zum Start in die neue Woche rechnet der DWD dann am Montag mit nur noch 20 Grad maximal. Er prognostiziert zudem Regenschauer und vereinzelt Gewitter f\u00fcr Niedersachsen und Bremen. Bereits in der Nacht zu Montag soll es stellenweise regnen.<\/p>\n<p class=\"text-18 leading-17 user-text-lg:text-22 user-text-xl:text-24\">\u00c4hnliche Temperaturen erwarten die Experten f\u00fcr Niedersachsen und Bremen auch f\u00fcr Dienstag: 20 Grad plus teilweise Regenschauer und gelegentlich Gewittern, hei\u00dft es.<\/p>\n<p>Die Hitze ist erst einmal vorbei: So wird das Wetter in Braunschweig<\/p>\n<p class=\"text-18 leading-17 user-text-lg:text-22 user-text-xl:text-24\">Auch zur Wochenmitte bleibt es nicht trocken: In der Vorhersage des DWD ist ebenfalls von Regen die Rede. Das Thermometer geht demnach hoch auf 20 bis 23 Grad, hei\u00dft es.<\/p>\n<p class=\"text-18 leading-17 user-text-lg:text-22 user-text-xl:text-24\">Ebenfalls viel Niederschlag gibt es in Braunschweig auch laut &#8222;wetter.com&#8220;. In den n\u00e4chsten Tagen liegt die Wahrscheinlichkeit demnach bei 90 Prozent. Die Temperaturen erreichen demnach h\u00f6chstens 18 Grad am Montag und Dienstag und 21 am Dienstag.<\/p>\n<p class=\"text-18 leading-17 user-text-lg:text-22 user-text-xl:text-24\">Erst am Donnerstag wird es laut Prognose auf &#8222;wetter.com&#8220; wieder etwas sonniger in der L\u00f6wenstadt. F\u00fcr die n\u00e4chsten Tage hingegen l\u00e4sst sich die Sonne laut Prognose gar nicht blicken: So kommt Braunschweig an den Tagen Montag, Dienstag und Mittwoch auf null Sonnenstunden.<\/p>\n","protected":false},"excerpt":{"rendered":"DWD-Prognose Wetterumschwung: Regenschauer und Gewitter angek\u00fcndigt 16.08.2026 &#8211; 19:32 UhrLesedauer: 1 Min. Sonnenstrahlen und dunkle Gewitter- und Regenwolken&hellip;\n","protected":false},"author":2,"featured_media":1241229,"comment_status":"","ping_status":"","sticky":false,"template":"","format":"standard","meta":{"footnotes":"","_share_on_mastodon":"0"},"categories":[1850],"tags":[6429,2420,3364,950,29,4906,27676,548,663,3934,30,19634,13,14,15,1411,32439,12,32441,4887],"class_list":["post-1241228","post","type-post","status-publish","format-standard","has-post-thumbnail","category-braunschweig","tag-braunschweig","tag-bremen","tag-de","tag-deutscher-wetterdienst","tag-deutschland","tag-dwd","tag-einschulung","tag-eu","tag-europa","tag-europe","tag-germany","tag-gewitter","tag-headlines","tag-nachrichten","tag-news","tag-niedersachsen","tag-regenwolke","tag-schlagzeilen","tag-sonnenstrahl","tag-wetterumschwung"],"share_on_mastodon":{"url":"https:\/\/pubeurope.com\/@de\/117107287459619042","error":""},"_links":{"self":[{"href":"https:\/\/www.europesays.com\/de\/wp-json\/wp\/v2\/posts\/1241228","targetHints":{"allow":["GET"]}}],"collection":[{"href":"https:\/\/www.europesays.com\/de\/wp-json\/wp\/v2\/posts"}],"about":[{"href":"https:\/\/www.europesays.com\/de\/wp-json\/wp\/v2\/types\/post"}],"author":[{"embeddable":true,"href":"https:\/\/www.europesays.com\/de\/wp-json\/wp\/v2\/users\/2"}],"replies":[{"embeddable":true,"href":"https:\/\/www.europesays.com\/de\/wp-json\/wp\/v2\/comments?post=1241228"}],"version-history":[{"count":0,"href":"https:\/\/www.europesays.com\/de\/wp-json\/wp\/v2\/posts\/1241228\/revisions"}],"wp:featuredmedia":[{"embeddable":true,"href":"https:\/\/www.europesays.com\/de\/wp-json\/wp\/v2\/media\/1241229"}],"wp:attachment":[{"href":"https:\/\/www.europesays.com\/de\/wp-json\/wp\/v2\/media?parent=1241228"}],"wp:term":[{"taxonomy":"category","embeddable":true,"href":"https:\/\/www.europesays.com\/de\/wp-json\/wp\/v2\/categories?post=1241228"},{"taxonomy":"post_tag","embeddable":true,"href":"https:\/\/www.europesays.com\/de\/wp-json\/wp\/v2\/tags?post=1241228"}],"curies":[{"name":"wp","href":"https:\/\/api.w.org\/{rel}","templated":true}]}}