{"id":1241234,"date":"2026-08-16T21:25:15","date_gmt":"2026-08-16T21:25:15","guid":{"rendered":"https:\/\/www.europesays.com\/de\/1241234\/"},"modified":"2026-08-16T21:25:15","modified_gmt":"2026-08-16T21:25:15","slug":"fussball-bezirksliga-sv-woernitzstein-berg-unterliegt-bei-tur-abdin-augsburg-nach-treffer-kurz-vor-schluss","status":"publish","type":"post","link":"https:\/\/www.europesays.com\/de\/1241234\/","title":{"rendered":"Fu\u00dfball-Bezirksliga: SV W\u00f6rnitzstein-Berg unterliegt bei Tur Abdin Augsburg nach Treffer kurz vor Schluss"},"content":{"rendered":"<p class=\"mb-6 text-xs-varying md:text-m lg:text-l font-serif group-[.font-sans]:font-sans \">\n    \u00c4u\u00dferst sp\u00e4t und ungl\u00fccklich hat der SV W\u00f6rnitzstein-Berg seine Ausw\u00e4rtspartie in der Fu\u00dfball-Bezirksliga bei Tur Abdin <a href=\"https:\/\/www.augsburger-allgemeine.de\/augsburg\/\" target=\"_self\" class=\"underline \" rel=\"nofollow noopener\">Augsburg<\/a> mit 0:1 verloren. Damit kehrte das Team erstmals in dieser Saison ohne Punkte von einem Ausw\u00e4rtsspiel zur\u00fcck.\n  <\/p>\n<p class=\"mb-6 text-xs-varying md:text-m lg:text-l font-serif group-[.font-sans]:font-sans \">\n    Trotz einiger Ausf\u00e4lle startete <a href=\"https:\/\/www.augsburger-allgemeine.de\/noerdlingen\/sport\/alerheim-bezirksliga-fussball-last-minute-sieg-affing-114937678\" target=\"_self\" class=\"underline \" rel=\"nofollow noopener\">der SVW<\/a> sehr konzentriert in die Partie und stand \u00fcber die gesamte Spielzeit sicher in der Defensive. Die mit einigen internationalen Spielern gespickte Heimelf konnte sich nur durch Distanzsch\u00fcsse dem Tor von Sandro Scherl ann\u00e4hern, der damit allerdings keinerlei Probleme hatte. Bei Umschaltaktionen wagte sich schlie\u00dflich auch der SVW nach vorn. Zwei Balleroberungen von Julian Schmidbaur h\u00e4tten f\u00fcr Gefahr sorgen k\u00f6nnen, es blieb aber auch hier bei eher harmlosen Versuchen.\n  <\/p>\n<p>            Fu\u00dfball-Bezirksliga: W\u00f6rnitzstein verliert durch Last-Minute-Gegentor in Augsburg<\/p>\n<p class=\"mb-6 text-xs-varying md:text-m lg:text-l font-serif group-[.font-sans]:font-sans \">\n    Nach dem Seitenwechsel wurden beide Mannschaften etwas mutiger. W\u00e4hrend Tur Abdin nun auch \u00fcber Standards seine kopfballstarken Spieler in Szene setzen wollte, blieb der SVW seinem Spiel treu. Beinahe w\u00e4re nach einem schnellen Freisto\u00df Florian Moll frei zum Abschluss gekommen, wurde allerdings im letzten Moment geblockt.\n  <\/p>\n<p class=\"mb-6 text-xs-varying md:text-m lg:text-l font-serif group-[.font-sans]:font-sans \">\n    Die Partie blieb in der Folge offen und h\u00e4tte eigentlich mit einem torlosen Unentschieden ihr gerechtes Ergebnis gefunden. Nach einem Spielzug durchs Zentrum stand jedoch in der 89. Minute Yewhor Tsevukh pl\u00f6tzlich frei vor SVW-Schlussmann Scherl und hob den Ball \u00fcber ihn hinweg zum Siegtreffer ins Tor. Die Panknin-Elf versuchte daraufhin noch zum Ausgleich zu kommen, konnte aber keine zwingenden Chancen mehr erarbeiten.\n  <\/p>\n<p class=\"mb-6 text-xs-varying md:text-m lg:text-l font-serif group-[.font-sans]:font-sans \">\n    Der SVW lie\u00df damit im zweiten Spiel in Folge kurz vor Ende wichtige Punkte liegen, zeigte aber eine beherzte Leistung und m\u00f6chte im n\u00e4chsten Heimspiel gegen den FC Ehekirchen (Sonntag, 17 Uhr) einen neuen Angriff auf Punkte starten. <strong class=\"font-bold\">Zuschauer:<\/strong> 150. (svw)\n  <\/p>\n<p class=\"mb-6 text-xs-varying md:text-m lg:text-l font-serif group-[.font-sans]:font-sans \">\n    <strong class=\"font-bold\">SV W\u00f6rnitzstein-Berg:<\/strong> S. Scherl, D. Habsersatter (29. A. Lombardi), P. Dietrich, B. Hoser (74. J. Bissinger), M. Bschor, J. Schmidbaur (74. G. Morasch), A. Musaeus (87. F. Strobel), M. Panknin, P. Bednar, N. Nauer, F. Moll (88. M. F\u00e4rber)\n  <\/p>\n","protected":false},"excerpt":{"rendered":"\u00c4u\u00dferst sp\u00e4t und ungl\u00fccklich hat der SV W\u00f6rnitzstein-Berg seine Ausw\u00e4rtspartie in der Fu\u00dfball-Bezirksliga bei Tur Abdin Augsburg mit&hellip;\n","protected":false},"author":2,"featured_media":1241235,"comment_status":"","ping_status":"","sticky":false,"template":"","format":"standard","meta":{"footnotes":"","_share_on_mastodon":"0"},"categories":[1846],"tags":[680,208207,772,3364,29,548,663,3934,257308,68915,30,13,55350,257307,98167,14,15,257306,12,22874,251914],"class_list":["post-1241234","post","type-post","status-publish","format-standard","has-post-thumbnail","category-augsburg","tag-augsburg","tag-auswaertspartie","tag-bayern","tag-de","tag-deutschland","tag-eu","tag-europa","tag-europe","tag-florian-moll","tag-fussball-bezirksliga","tag-germany","tag-headlines","tag-heimelf","tag-julian-schmidbaur","tag-lucky-punch","tag-nachrichten","tag-news","tag-sandro-scherl","tag-schlagzeilen","tag-svw","tag-woernitzstein"],"share_on_mastodon":{"url":"https:\/\/pubeurope.com\/@de\/117107302639887807","error":""},"_links":{"self":[{"href":"https:\/\/www.europesays.com\/de\/wp-json\/wp\/v2\/posts\/1241234","targetHints":{"allow":["GET"]}}],"collection":[{"href":"https:\/\/www.europesays.com\/de\/wp-json\/wp\/v2\/posts"}],"about":[{"href":"https:\/\/www.europesays.com\/de\/wp-json\/wp\/v2\/types\/post"}],"author":[{"embeddable":true,"href":"https:\/\/www.europesays.com\/de\/wp-json\/wp\/v2\/users\/2"}],"replies":[{"embeddable":true,"href":"https:\/\/www.europesays.com\/de\/wp-json\/wp\/v2\/comments?post=1241234"}],"version-history":[{"count":0,"href":"https:\/\/www.europesays.com\/de\/wp-json\/wp\/v2\/posts\/1241234\/revisions"}],"wp:featuredmedia":[{"embeddable":true,"href":"https:\/\/www.europesays.com\/de\/wp-json\/wp\/v2\/media\/1241235"}],"wp:attachment":[{"href":"https:\/\/www.europesays.com\/de\/wp-json\/wp\/v2\/media?parent=1241234"}],"wp:term":[{"taxonomy":"category","embeddable":true,"href":"https:\/\/www.europesays.com\/de\/wp-json\/wp\/v2\/categories?post=1241234"},{"taxonomy":"post_tag","embeddable":true,"href":"https:\/\/www.europesays.com\/de\/wp-json\/wp\/v2\/tags?post=1241234"}],"curies":[{"name":"wp","href":"https:\/\/api.w.org\/{rel}","templated":true}]}}