{"id":1241236,"date":"2026-08-16T21:26:29","date_gmt":"2026-08-16T21:26:29","guid":{"rendered":"https:\/\/www.europesays.com\/de\/1241236\/"},"modified":"2026-08-16T21:26:29","modified_gmt":"2026-08-16T21:26:29","slug":"rent-a-friend-begeistert-bei-premiere-im-prinzregententheater","status":"publish","type":"post","link":"https:\/\/www.europesays.com\/de\/1241236\/","title":{"rendered":"\u201eRent a Friend\u201c begeistert bei Premiere im Prinzregententheater"},"content":{"rendered":"<p><img loading=\"lazy\" decoding=\"async\" src=\"https:\/\/www.europesays.com\/de\/wp-content\/uploads\/2026\/08\/Rent-a-friend-4.jpg\" alt=\"Rent a friend\" width=\"828\" height=\"622\" class=\"alignnone size-full wp-image-650017\"  \/>Ludwigshafen\/Metropolregion Rhein-Neckar. Mit viel Witz, Spielfreude und einem Schuss Melancholie feierte die Kom\u00f6die \u201eRent a Friend\u201c von Folke Braband Premiere im Prinzregententheater im Hemshof. Das St\u00fcck erweist sich als charmante Liebeskom\u00f6die \u00fcber Erwartungen, Wahrheiten und die Frage, warum Menschen sich manchmal lieber mit einem perfekten Schein schm\u00fccken, als ihre eigenen kleinen Schw\u00e4chen einzugestehen.<br \/><img loading=\"lazy\" decoding=\"async\" src=\"https:\/\/www.europesays.com\/de\/wp-content\/uploads\/2026\/08\/Rent-a-friend-3.jpg\" alt=\"Rent a friend\" width=\"828\" height=\"622\" class=\"alignnone size-full wp-image-650020\"  \/><br \/><img loading=\"lazy\" decoding=\"async\" src=\"https:\/\/www.europesays.com\/de\/wp-content\/uploads\/2026\/08\/Rent-a-friend-hoch1.jpg\" alt=\"Rent a friend hoch1\" width=\"678\" height=\"904\" class=\"alignnone size-full wp-image-650021\"  \/><br \/>Im Mittelpunkt steht die erfolgreiche Businessfrau Sarah, gespielt von <strong>Antonia Gabriel<\/strong>.Gabriel \u00fcberzeugt dabei mit einer starken und facettenreichen Darstellung. Auch ihr vermeintlich erfolgreicher Vater, von allen nur \u201eBig Daddy\u201c genannt, dargestellt von <strong>Timo Eigeldinger<\/strong>, tr\u00e4gt seinen Teil zum Spiel mit den Fassaden bei. Eigeldinger gibt dabei eine \u00fcberzeugende Figur ab und verleiht seiner Rolle mit viel Spielfreude und Pr\u00e4senz die n\u00f6tige Mischung aus Selbstsicherheit und menschlichen Schw\u00e4chen.<br \/><img loading=\"lazy\" decoding=\"async\" src=\"https:\/\/www.europesays.com\/de\/wp-content\/uploads\/2026\/08\/Rent-a-friend-quer-1.jpg\" alt=\"Rent a friend quer\" width=\"880\" height=\"660\" class=\"alignnone size-full wp-image-650022\"  \/><br \/><img loading=\"lazy\" decoding=\"async\" src=\"https:\/\/www.europesays.com\/de\/wp-content\/uploads\/2026\/08\/Rent-a-friend-Gabriel-und-Juanita.jpg\" alt=\"Rent a friend Gabriel und Juanita\" width=\"730\" height=\"973\" class=\"alignnone size-full wp-image-650023\"  \/><br \/>F\u00fcr zus\u00e4tzliche Verwicklungen sorgen der gemietete falsche Freund Marc, bzw.Gabriel, hervorragend gespielt von <strong>Fabian Kuhn<\/strong> und die falsche Ehefrau des Vaters, Juanita, perfekt verk\u00f6rpert von <strong>Astrid Conrad-Mayer<\/strong>. Die Figuren geraten zunehmend in Situationen, in denen die sorgf\u00e4ltig aufgebauten Fassaden Risse bekommen. Gerade darin liegt der besondere Reiz der Kom\u00f6die: Hinter den humorvollen Dialogen steckt die durchaus ernsthafte Frage, warum wir uns so h\u00e4ufig nach au\u00dfen anders darstellen, als wir tats\u00e4chlich sind. Warum muss es der perfekte \u201eGeorge Clooney\u201c oder ein anderer Held sein, wenn es doch viel ehrlicher w\u00e4re, auch einmal Schw\u00e4chen und Unsicherheiten zu zeigen?<br \/><img loading=\"lazy\" decoding=\"async\" src=\"https:\/\/www.europesays.com\/de\/wp-content\/uploads\/2026\/08\/Rent-a-friend-5.jpg\" alt=\"Rent a friend\" width=\"677\" height=\"903\" class=\"alignnone size-full wp-image-650024\"  \/><br \/>Das Publikum erlebt einen Theaterabend mit viel Humor und zahlreichen komischen Momenten. Gleichzeitig bekommt die Geschichte zum Finale eine melancholische Note. Die Aufl\u00f6sung macht deutlich, dass Ehrlichkeit und das Zulassen eigener Schw\u00e4chen durchaus befreiend sein k\u00f6nnen \u2013 und am Ende f\u00fcr alle Beteiligten zu einer zufriedenstellenderen Situation f\u00fchren.<br \/><img loading=\"lazy\" decoding=\"async\" src=\"https:\/\/www.europesays.com\/de\/wp-content\/uploads\/2026\/08\/Rent-a-Friend-quer.jpg\" alt=\"Rent a Friend quer\" width=\"880\" height=\"660\" class=\"alignnone size-full wp-image-650025\"  \/><br \/>Alle vier Schauspieler \u00fcberzeugen in ihren Rollen und sorgen mit gro\u00dfer Spielfreude f\u00fcr einen unterhaltsamen Abend.<br \/>Besonders hervorzuheben ist die Leistung von Regisseurin Antonia Gabriel. Innerhalb von nur sechs Monaten bringt sie bereits ihre vierte Kom\u00f6die auf die B\u00fchne. Mit gro\u00dfer Leidenschaft, kreativen Ideen und einem engagierten Ensemble gelingt ihr eine Inszenierung, die Humor, Tempo und emotionale Momente miteinander verbindet.<br \/><img loading=\"lazy\" decoding=\"async\" src=\"https:\/\/www.europesays.com\/de\/wp-content\/uploads\/2026\/08\/Antonia-und-Timo.jpg\" alt=\"Antonia und Timo\" width=\"880\" height=\"660\" class=\"alignnone size-full wp-image-650026\"  \/><br \/>\u201eRent a Friend\u201c bietet damit beste Unterhaltung und zugleich einen kleinen Denkansto\u00df \u00fcber den Unterschied zwischen dem perfekten Schein und dem echten Leben. Das Publikum darf sich auf einen unterhaltsamen Theaterabend freuen, bei dem gelacht werden darf, aber auch Platz f\u00fcr leise und nachdenkliche Momente bleibt.<\/p>\n<p><strong>Termine und Ticketpreise<\/strong>:<br \/>Weitere Informationen zu den kommenden Vorstellungen, Terminen und Eintrittspreisen sind beim <a href=\"https:\/\/prinzregenten-theater.de\/\" rel=\"noopener nofollow\" target=\"_blank\">Prinzregententheater<\/a> erh\u00e4ltlich.<\/p>\n<p>Quelle Prinzregententheater<br \/>Folke Braband<br \/>Bilder MRN-News<\/p>\n<p class=\"post-modified-info\">Zuletzt aktualisiert am 16. August 2026, 20:43<\/p>\n","protected":false},"excerpt":{"rendered":"Ludwigshafen\/Metropolregion Rhein-Neckar. Mit viel Witz, Spielfreude und einem Schuss Melancholie feierte die Kom\u00f6die \u201eRent a Friend\u201c von Folke&hellip;\n","protected":false},"author":2,"featured_media":1241237,"comment_status":"","ping_status":"","sticky":false,"template":"","format":"standard","meta":{"footnotes":"","_share_on_mastodon":"0"},"categories":[1845],"tags":[221343,1634,73,3364,29,548,663,3934,30,2989,13,31251,259,5998,25476,2096,9834,25488,25489,81901,14,14480,15,6003,5206,28951,12,5725,8862,221364],"class_list":["post-1241236","post","type-post","status-publish","format-standard","has-post-thumbnail","category-mannheim","tag-antonia-gabriel","tag-baden-wuerttemberg","tag-bilder","tag-de","tag-deutschland","tag-eu","tag-europa","tag-europe","tag-germany","tag-geschichte","tag-headlines","tag-hemshof","tag-informationen","tag-leben","tag-ludwigshafen","tag-mannheim","tag-menschen","tag-metropolregion","tag-metropolregion-rhein-neckar","tag-mrn-news","tag-nachrichten","tag-neckar","tag-news","tag-premiere","tag-rhein","tag-rhein-neckar","tag-schlagzeilen","tag-spiel","tag-termine","tag-theaterabend"],"share_on_mastodon":{"url":"https:\/\/pubeurope.com\/@de\/117107309850192605","error":""},"_links":{"self":[{"href":"https:\/\/www.europesays.com\/de\/wp-json\/wp\/v2\/posts\/1241236","targetHints":{"allow":["GET"]}}],"collection":[{"href":"https:\/\/www.europesays.com\/de\/wp-json\/wp\/v2\/posts"}],"about":[{"href":"https:\/\/www.europesays.com\/de\/wp-json\/wp\/v2\/types\/post"}],"author":[{"embeddable":true,"href":"https:\/\/www.europesays.com\/de\/wp-json\/wp\/v2\/users\/2"}],"replies":[{"embeddable":true,"href":"https:\/\/www.europesays.com\/de\/wp-json\/wp\/v2\/comments?post=1241236"}],"version-history":[{"count":0,"href":"https:\/\/www.europesays.com\/de\/wp-json\/wp\/v2\/posts\/1241236\/revisions"}],"wp:featuredmedia":[{"embeddable":true,"href":"https:\/\/www.europesays.com\/de\/wp-json\/wp\/v2\/media\/1241237"}],"wp:attachment":[{"href":"https:\/\/www.europesays.com\/de\/wp-json\/wp\/v2\/media?parent=1241236"}],"wp:term":[{"taxonomy":"category","embeddable":true,"href":"https:\/\/www.europesays.com\/de\/wp-json\/wp\/v2\/categories?post=1241236"},{"taxonomy":"post_tag","embeddable":true,"href":"https:\/\/www.europesays.com\/de\/wp-json\/wp\/v2\/tags?post=1241236"}],"curies":[{"name":"wp","href":"https:\/\/api.w.org\/{rel}","templated":true}]}}